{"id":1406,"date":"2014-12-15T11:30:22","date_gmt":"2014-12-15T13:30:22","guid":{"rendered":"http:\/\/www2.comunitaria.com.br\/?p=1406"},"modified":"2014-12-15T11:30:22","modified_gmt":"2014-12-15T13:30:22","slug":"apresentacao-dos-jogadores-do-uniao-e-hoje-a-tarde","status":"publish","type":"post","link":"https:\/\/www2.comunitaria.com.br\/en\/apresentacao-dos-jogadores-do-uniao-e-hoje-a-tarde\/","title":{"rendered":"Apresenta\u00e7\u00e3o dos jogadores do Uni\u00e3o \u00e9 hoje a tarde"},"content":{"rendered":"<p style=\"text-align: justify;\">Na tarde desta segunda-feira, dia 15, a partir d\u00e1s 14hs ser\u00e1 apresentado todo o elenco do Uni\u00e3o Frederiquense de Futebol para a disputa do Gauch\u00e3o 2015.<\/p>\n<p style=\"text-align: justify;\">Os jogadores, na maioria j\u00e1 anunciados ser\u00e3o conhecidos pela imprensa, al\u00e9m de novos refor\u00e7os da equipe que tamb\u00e9m ser\u00e3o anunciados hoje.<\/p>\n<p style=\"text-align: justify;\">A partir d\u00e1s 14hs a R\u00e1dio Comunit\u00e1ria transmite Ao Vivo do Vermelh\u00e3o da Colina a apresenta\u00e7\u00e3o dos atletas.<\/p>\n<p style=\"text-align: justify;\">Na manh\u00e3 de hoje o Diretor do Departamento Profissional de Futebol do clube\u00a0Giscard Salton, concedeu entrevista exclusiva a 97.9 FM, e falou sobre a equipe que logo mais ser\u00e1 apresentada, marcado o inicio dos trabalhos de prepara\u00e7\u00e3o do Le\u00e3o da Colina.<\/p>\n<p style=\"text-align: justify;\">Conforme Salton al\u00e9m dos jogadores que j\u00e1 foram anunciados mais um volante ser\u00e1 efetivado na equipe.<\/p>\n<!--[if lt IE 9]><script>document.createElement('audio');<\/script><![endif]-->\n<audio class=\"wp-audio-shortcode\" id=\"audio-1406-1\" preload=\"none\" style=\"width: 100%;\" controls=\"controls\"><source type=\"audio\/mpeg\" src=\"http:\/\/www2.comunitaria.com.br\/wp-content\/uploads\/2014\/12\/Giscard-01.mp3?_=1\" \/><a href=\"http:\/\/www2.comunitaria.com.br\/wp-content\/uploads\/2014\/12\/Giscard-01.mp3\">http:\/\/www2.comunitaria.com.br\/wp-content\/uploads\/2014\/12\/Giscard-01.mp3<\/a><\/audio>\n<p style=\"text-align: justify;\">Segundo Salton depois da apresenta\u00e7\u00e3o ser\u00e3o realizados exames e avalia\u00e7\u00f5es f\u00edsicas, trabalho com bola s\u00f3 na segunda semana. Em janeiro devem acontecer pelo menos tr\u00eas amistosos.<\/p>\n<audio class=\"wp-audio-shortcode\" id=\"audio-1406-2\" preload=\"none\" style=\"width: 100%;\" controls=\"controls\"><source type=\"audio\/mpeg\" src=\"http:\/\/www2.comunitaria.com.br\/wp-content\/uploads\/2014\/12\/Giscard-02.mp3?_=2\" \/><a href=\"http:\/\/www2.comunitaria.com.br\/wp-content\/uploads\/2014\/12\/Giscard-02.mp3\">http:\/\/www2.comunitaria.com.br\/wp-content\/uploads\/2014\/12\/Giscard-02.mp3<\/a><\/audio>\n<p style=\"text-align: justify;\">Salton analisa ainda a tabela de jogos, e avalia que as primeiras e ultimas partidas ser\u00e3o as mais dif\u00edceis para o Uni\u00e3o<\/p>\n<audio class=\"wp-audio-shortcode\" id=\"audio-1406-3\" preload=\"none\" style=\"width: 100%;\" controls=\"controls\"><source type=\"audio\/mpeg\" src=\"http:\/\/www2.comunitaria.com.br\/wp-content\/uploads\/2014\/12\/Giscard-03.mp3?_=3\" \/><a href=\"http:\/\/www2.comunitaria.com.br\/wp-content\/uploads\/2014\/12\/Giscard-03.mp3\">http:\/\/www2.comunitaria.com.br\/wp-content\/uploads\/2014\/12\/Giscard-03.mp3<\/a><\/audio>","protected":false},"excerpt":{"rendered":"<p>Na tarde desta segunda-feira, dia 15, a partir d\u00e1s 14hs ser\u00e1 apresentado todo o elenco do Uni\u00e3o Frederiquense de Futebol para a disputa do Gauch\u00e3o 2015. Os jogadores, na maioria j\u00e1 anunciados ser\u00e3o conhecidos pela imprensa, al\u00e9m de novos refor\u00e7os da equipe que tamb\u00e9m ser\u00e3o anunciados hoje. A partir d\u00e1s 14hs a R\u00e1dio Comunit\u00e1ria transmite<\/p>\n<div class=\"read-more-wrapper\"><a class=\"read-more\" href=\"https:\/\/www2.comunitaria.com.br\/en\/apresentacao-dos-jogadores-do-uniao-e-hoje-a-tarde\/\" title=\"Read More\"> <span class=\"button\">Read More<\/span><\/a><\/div>","protected":false},"author":2,"featured_media":1407,"comment_status":"open","ping_status":"closed","sticky":false,"template":"","format":"standard","meta":{"ngg_post_thumbnail":0,"footnotes":""},"categories":[51,34,42,28,33,48],"tags":[389,390,124,171],"class_list":["post-1406","post","type-post","status-publish","format-standard","has-post-thumbnail","hentry","category-audio","category-esportes","category-fred-west","category-destaque","category-noticias","category-uniao-frederiquense","tag-apresentacao","tag-atletas","tag-gauchao-2015","tag-uniao"],"amp_enabled":true,"_links":{"self":[{"href":"https:\/\/www2.comunitaria.com.br\/en\/wp-json\/wp\/v2\/posts\/1406","targetHints":{"allow":["GET"]}}],"collection":[{"href":"https:\/\/www2.comunitaria.com.br\/en\/wp-json\/wp\/v2\/posts"}],"about":[{"href":"https:\/\/www2.comunitaria.com.br\/en\/wp-json\/wp\/v2\/types\/post"}],"author":[{"embeddable":true,"href":"https:\/\/www2.comunitaria.com.br\/en\/wp-json\/wp\/v2\/users\/2"}],"replies":[{"embeddable":true,"href":"https:\/\/www2.comunitaria.com.br\/en\/wp-json\/wp\/v2\/comments?post=1406"}],"version-history":[{"count":0,"href":"https:\/\/www2.comunitaria.com.br\/en\/wp-json\/wp\/v2\/posts\/1406\/revisions"}],"wp:featuredmedia":[{"embeddable":true,"href":"https:\/\/www2.comunitaria.com.br\/en\/wp-json\/wp\/v2\/media\/1407"}],"wp:attachment":[{"href":"https:\/\/www2.comunitaria.com.br\/en\/wp-json\/wp\/v2\/media?parent=1406"}],"wp:term":[{"taxonomy":"category","embeddable":true,"href":"https:\/\/www2.comunitaria.com.br\/en\/wp-json\/wp\/v2\/categories?post=1406"},{"taxonomy":"post_tag","embeddable":true,"href":"https:\/\/www2.comunitaria.com.br\/en\/wp-json\/wp\/v2\/tags?post=1406"}],"curies":[{"name":"wp","href":"https:\/\/api.w.org\/{rel}","templated":true}]}}