{"id":1400,"date":"2014-12-15T09:32:10","date_gmt":"2014-12-15T11:32:10","guid":{"rendered":"http:\/\/www2.comunitaria.com.br\/?p=1400"},"modified":"2014-12-15T09:32:32","modified_gmt":"2014-12-15T11:32:32","slug":"ufsm-realizou-neste-final-de-semana-ultimo-vestibular-tradicional-da-instituicao","status":"publish","type":"post","link":"https:\/\/www2.comunitaria.com.br\/en\/ufsm-realizou-neste-final-de-semana-ultimo-vestibular-tradicional-da-instituicao\/","title":{"rendered":"UFSM realizou neste final de semana ultimo Vestibular tradicional da institui\u00e7\u00e3o"},"content":{"rendered":"<p style=\"text-align: justify;\">Com a tem\u00e1tica \u201cJuventude conectada \u2013 evolu\u00e7\u00e3o ou problema social\u201d na prova de Reda\u00e7\u00e3o, a Universidade Federal de Santa Maria (UFSM) encerrou o ciclo de exames vestibulares espec\u00edficos da institui\u00e7\u00e3o neste domingo. A partir de 2015, a institui\u00e7\u00e3o passa a adotar unicamente o Sistema de Sele\u00e7\u00e3o Unificada (Sisu) \u00a0para a reserva de vagas. Os candidatos se inscrevem em notas obtidas na prova do Exame Nacional do Ensino M\u00e9dio (Enem).\u00a0Entre sexta e domingo, 40. 086 candidatos disputaram uma das 6.444 vagas oferecidas para os diferentes campi da institui\u00e7\u00e3o.<\/p>\n<p style=\"text-align: justify;\">Na \u00faltima rodada de provas, foram tr\u00eas dias de sabatina, e a manuten\u00e7\u00e3o das provas do Processo Seletivo Seriado, que permite aos candidatos realizar o processo seletivo em tr\u00eas anos diferentes, respondendo a cada ciclo as provas referentes aos diferentes anos do Ensino M\u00e9dio. Essa modalidade vai continuar sendo oferecida nos anos de 2015 e 2016, para que quem iniciou a modalidade neste ano possa encerrar o processo.<\/p>\n<p style=\"text-align: justify;\">Em maio, a UFSM decidiu abolir o vestibular e usar apenas o Sisu como forma de sele\u00e7\u00e3o. Entidades estudantis e empresariais consideraram a decis\u00e3o arbitr\u00e1ria e precipitada, e entraram na Justi\u00e7a exigindo a realiza\u00e7\u00e3o do vestibular em 2014. A Justi\u00e7a Federal considerou leg\u00edtima a a\u00e7\u00e3o e deu parecer favor\u00e1vel ao pedido, obrigando a UFSM a oferecer as provas. O mesmo ocorreu para a oferta do PS1 neste ano: a inten\u00e7\u00e3o era apenas dar continuidade ao exame para quem j\u00e1 havia iniciado o ciclo.<\/p>\n<p style=\"text-align: justify;\">O processo de escaneamento dos cart\u00f5es-resposta come\u00e7ou hoje e a corre\u00e7\u00e3o das reda\u00e7\u00f5es ocorre a partir de 5 de janeiro. Em meio a isso, a universidade pretende divulgar o ponto de corte dos cursos, mas s\u00f3 depois do resultado do Enem. Por isso, ainda n\u00e3o h\u00e1 data definida para a divulga\u00e7\u00e3o do list\u00e3o.<\/p>\n<p style=\"text-align: justify;\"><em>Foto: Maira Dill<\/em><\/p>","protected":false},"excerpt":{"rendered":"<p>Com a tem\u00e1tica \u201cJuventude conectada \u2013 evolu\u00e7\u00e3o ou problema social\u201d na prova de Reda\u00e7\u00e3o, a Universidade Federal de Santa Maria (UFSM) encerrou o ciclo de exames vestibulares espec\u00edficos da institui\u00e7\u00e3o&#8230;<\/p>","protected":false},"author":2,"featured_media":1401,"comment_status":"open","ping_status":"closed","sticky":false,"template":"","format":"standard","meta":{"ngg_post_thumbnail":0,"footnotes":""},"categories":[44,28,33],"tags":[148,215],"class_list":["post-1400","post","type-post","status-publish","format-standard","has-post-thumbnail","hentry","category-educacao","category-destaque","category-noticias","tag-ufsm","tag-vestibular"],"amp_enabled":true,"_links":{"self":[{"href":"https:\/\/www2.comunitaria.com.br\/en\/wp-json\/wp\/v2\/posts\/1400","targetHints":{"allow":["GET"]}}],"collection":[{"href":"https:\/\/www2.comunitaria.com.br\/en\/wp-json\/wp\/v2\/posts"}],"about":[{"href":"https:\/\/www2.comunitaria.com.br\/en\/wp-json\/wp\/v2\/types\/post"}],"author":[{"embeddable":true,"href":"https:\/\/www2.comunitaria.com.br\/en\/wp-json\/wp\/v2\/users\/2"}],"replies":[{"embeddable":true,"href":"https:\/\/www2.comunitaria.com.br\/en\/wp-json\/wp\/v2\/comments?post=1400"}],"version-history":[{"count":0,"href":"https:\/\/www2.comunitaria.com.br\/en\/wp-json\/wp\/v2\/posts\/1400\/revisions"}],"wp:featuredmedia":[{"embeddable":true,"href":"https:\/\/www2.comunitaria.com.br\/en\/wp-json\/wp\/v2\/media\/1401"}],"wp:attachment":[{"href":"https:\/\/www2.comunitaria.com.br\/en\/wp-json\/wp\/v2\/media?parent=1400"}],"wp:term":[{"taxonomy":"category","embeddable":true,"href":"https:\/\/www2.comunitaria.com.br\/en\/wp-json\/wp\/v2\/categories?post=1400"},{"taxonomy":"post_tag","embeddable":true,"href":"https:\/\/www2.comunitaria.com.br\/en\/wp-json\/wp\/v2\/tags?post=1400"}],"curies":[{"name":"wp","href":"https:\/\/api.w.org\/{rel}","templated":true}]}}