{"id":13928,"date":"2016-01-15T15:34:53","date_gmt":"2016-01-15T17:34:53","guid":{"rendered":"http:\/\/www2.comunitaria.com.br\/?p=13928"},"modified":"2016-01-15T15:38:43","modified_gmt":"2016-01-15T17:38:43","slug":"sabadao-dos-negocios-deve-marcar-o-ultimo-dia-do-liquida-frederico","status":"publish","type":"post","link":"https:\/\/www2.comunitaria.com.br\/en\/sabadao-dos-negocios-deve-marcar-o-ultimo-dia-do-liquida-frederico\/","title":{"rendered":"Sabad\u00e3o dos Neg\u00f3cios deve marcar o \u00faltimo dia do Liquida Frederico"},"content":{"rendered":"<p style=\"text-align: justify;\">Durante os \u00faltimos dias o com\u00e9rcio frederiquense realizou o Liquida Frederico de Ver\u00e3o,\u00a0campanha que tem\u00a0como objetivo aumentar as vendas do com\u00e9rcio atrav\u00e9s de descontos que v\u00e3o at\u00e9 50%. \u00a0O liquida que iniciou no dia 11 de janeiro, termina neste s\u00e1bado, 16, com o tradicional Sabad\u00e3o dos Neg\u00f3cios, que atender\u00e1 durante o per\u00edodo da manh\u00e3 e tarde, das 8h \u00e0s 12h e das 13h30 \u00e0s 16h.<\/p>\n<p style=\"text-align: justify;\"><a href=\"http:\/\/www2.comunitaria.com.br\/wp-content\/uploads\/2016\/01\/LIQUIDA.jpg\" rel=\"attachment wp-att-13929\"><img loading=\"lazy\" decoding=\"async\" class=\"wp-image-13929 aligncenter\" src=\"http:\/\/www2.comunitaria.com.br\/wp-content\/uploads\/2016\/01\/LIQUIDA.jpg\" alt=\"LIQUIDA\" width=\"899\" height=\"674\" srcset=\"https:\/\/www2.comunitaria.com.br\/wp-content\/uploads\/2016\/01\/LIQUIDA.jpg 960w, https:\/\/www2.comunitaria.com.br\/wp-content\/uploads\/2016\/01\/LIQUIDA-300x225.jpg 300w, https:\/\/www2.comunitaria.com.br\/wp-content\/uploads\/2016\/01\/LIQUIDA-768x576.jpg 768w\" sizes=\"auto, (max-width: 899px) 100vw, 899px\" \/><\/a><\/p>\n<p style=\"text-align: justify;\"><strong>Foto: Vanessa Harlos (Jornal Folha do Noroeste)<\/strong><\/p>\n<p style=\"text-align: justify;\">","protected":false},"excerpt":{"rendered":"<p>Durante os \u00faltimos dias o com\u00e9rcio frederiquense realizou o Liquida Frederico de Ver\u00e3o,\u00a0campanha que tem\u00a0como objetivo aumentar as vendas do com\u00e9rcio atrav\u00e9s de descontos que v\u00e3o at\u00e9 50%. \u00a0O liquida que iniciou no dia 11 de janeiro, termina neste s\u00e1bado, 16, com o tradicional Sabad\u00e3o dos Neg\u00f3cios, que atender\u00e1 durante o per\u00edodo da manh\u00e3 e<\/p>\n<div class=\"read-more-wrapper\"><a class=\"read-more\" href=\"https:\/\/www2.comunitaria.com.br\/en\/sabadao-dos-negocios-deve-marcar-o-ultimo-dia-do-liquida-frederico\/\" title=\"Read More\"> <span class=\"button\">Read More<\/span><\/a><\/div>","protected":false},"author":2,"featured_media":13930,"comment_status":"open","ping_status":"closed","sticky":false,"template":"","format":"standard","meta":{"ngg_post_thumbnail":0,"footnotes":""},"categories":[42,33,35],"tags":[410,82,1444,1445],"class_list":["post-13928","post","type-post","status-publish","format-standard","has-post-thumbnail","hentry","category-fred-west","category-noticias","category-variedades","tag-comercio","tag-frederico-westphalen","tag-sabadao-dos-negocios","tag-vendas"],"amp_enabled":true,"_links":{"self":[{"href":"https:\/\/www2.comunitaria.com.br\/en\/wp-json\/wp\/v2\/posts\/13928","targetHints":{"allow":["GET"]}}],"collection":[{"href":"https:\/\/www2.comunitaria.com.br\/en\/wp-json\/wp\/v2\/posts"}],"about":[{"href":"https:\/\/www2.comunitaria.com.br\/en\/wp-json\/wp\/v2\/types\/post"}],"author":[{"embeddable":true,"href":"https:\/\/www2.comunitaria.com.br\/en\/wp-json\/wp\/v2\/users\/2"}],"replies":[{"embeddable":true,"href":"https:\/\/www2.comunitaria.com.br\/en\/wp-json\/wp\/v2\/comments?post=13928"}],"version-history":[{"count":0,"href":"https:\/\/www2.comunitaria.com.br\/en\/wp-json\/wp\/v2\/posts\/13928\/revisions"}],"wp:featuredmedia":[{"embeddable":true,"href":"https:\/\/www2.comunitaria.com.br\/en\/wp-json\/wp\/v2\/media\/13930"}],"wp:attachment":[{"href":"https:\/\/www2.comunitaria.com.br\/en\/wp-json\/wp\/v2\/media?parent=13928"}],"wp:term":[{"taxonomy":"category","embeddable":true,"href":"https:\/\/www2.comunitaria.com.br\/en\/wp-json\/wp\/v2\/categories?post=13928"},{"taxonomy":"post_tag","embeddable":true,"href":"https:\/\/www2.comunitaria.com.br\/en\/wp-json\/wp\/v2\/tags?post=13928"}],"curies":[{"name":"wp","href":"https:\/\/api.w.org\/{rel}","templated":true}]}}