{"id":13829,"date":"2016-01-14T11:28:49","date_gmt":"2016-01-14T13:28:49","guid":{"rendered":"http:\/\/www2.comunitaria.com.br\/?p=13829"},"modified":"2016-01-14T11:34:52","modified_gmt":"2016-01-14T13:34:52","slug":"candidatas-a-soberanas-da-expofred-2016-se-preparam-para-desfile","status":"publish","type":"post","link":"https:\/\/www2.comunitaria.com.br\/en\/candidatas-a-soberanas-da-expofred-2016-se-preparam-para-desfile\/","title":{"rendered":"Candidatas \u00e0 Soberanas da Expofred 2016 se preparam para desfile"},"content":{"rendered":"<p style=\"text-align: justify;\">Durante oficina de prepara\u00e7\u00e3o para a escolha da corte da Expofred 2016, as candidatas realizaram o primeiro\u00a0ensaio para o desfile. A escolha ser\u00e1 realizada no dia 27 deste m\u00eas, no Clube Ipiranga.\u00a0\u00a0O professor e artista, Danilo Gregory, \u00e9 quem est\u00e1 preparando as candidatas.<\/p>\n<p style=\"text-align: justify;\">Na noite desta quinta-feira, 14, o histori\u00f3grafo Wilson Ferigollo, ir\u00e1 relatar a hist\u00f3ria da Expofred e tamb\u00e9m de Frederico Westphalen visando preparar as candidatas\u00a0para a entrevista com o corpo de jurados.<\/p>\n\n\t\t<style type=\"text\/css\">\n\t\t\t#gallery-1 {\n\t\t\t\tmargin: auto;\n\t\t\t}\n\t\t\t#gallery-1 .gallery-item {\n\t\t\t\tfloat: left;\n\t\t\t\tmargin-top: 10px;\n\t\t\t\ttext-align: center;\n\t\t\t\twidth: 33%;\n\t\t\t}\n\t\t\t#gallery-1 img {\n\t\t\t\tborder: 2px solid #cfcfcf;\n\t\t\t}\n\t\t\t#gallery-1 .gallery-caption {\n\t\t\t\tmargin-left: 0;\n\t\t\t}\n\t\t\t\/* see gallery_shortcode() in wp-includes\/media.php *\/\n\t\t<\/style>\n\t\t<div id='gallery-1' class='gallery galleryid-13829 gallery-columns-3 gallery-size-thumbnail'><dl class='gallery-item'>\n\t\t\t<dt class='gallery-icon landscape'>\n\t\t\t\t<a href='https:\/\/www2.comunitaria.com.br\/en\/candidatas-a-soberanas-da-expofred-2016-se-preparam-para-desfile\/12552898_1112376465461775_5918949235992302703_n\/'><img loading=\"lazy\" decoding=\"async\" width=\"150\" height=\"150\" src=\"https:\/\/www2.comunitaria.com.br\/wp-content\/uploads\/2016\/01\/12552898_1112376465461775_5918949235992302703_n-150x150.jpg\" class=\"attachment-thumbnail size-thumbnail\" alt=\"\" aria-describedby=\"gallery-1-13833\" srcset=\"https:\/\/www2.comunitaria.com.br\/wp-content\/uploads\/2016\/01\/12552898_1112376465461775_5918949235992302703_n-150x150.jpg 150w, https:\/\/www2.comunitaria.com.br\/wp-content\/uploads\/2016\/01\/12552898_1112376465461775_5918949235992302703_n-65x65.jpg 65w\" sizes=\"auto, (max-width: 150px) 100vw, 150px\" \/><\/a>\n\t\t\t<\/dt>\n\t\t\t\t<dd class='wp-caption-text gallery-caption' id='gallery-1-13833'>\n\t\t\t\tFoto: AI &#8211; Expofred 2016\n\t\t\t\t<\/dd><\/dl><dl class='gallery-item'>\n\t\t\t<dt class='gallery-icon landscape'>\n\t\t\t\t<a href='https:\/\/www2.comunitaria.com.br\/en\/candidatas-a-soberanas-da-expofred-2016-se-preparam-para-desfile\/12552741_1112376445461777_3112908012840450416_n\/'><img loading=\"lazy\" decoding=\"async\" width=\"150\" height=\"150\" src=\"https:\/\/www2.comunitaria.com.br\/wp-content\/uploads\/2016\/01\/12552741_1112376445461777_3112908012840450416_n-150x150.jpg\" class=\"attachment-thumbnail size-thumbnail\" alt=\"\" aria-describedby=\"gallery-1-13832\" srcset=\"https:\/\/www2.comunitaria.com.br\/wp-content\/uploads\/2016\/01\/12552741_1112376445461777_3112908012840450416_n-150x150.jpg 150w, https:\/\/www2.comunitaria.com.br\/wp-content\/uploads\/2016\/01\/12552741_1112376445461777_3112908012840450416_n-65x65.jpg 65w\" sizes=\"auto, (max-width: 150px) 100vw, 150px\" \/><\/a>\n\t\t\t<\/dt>\n\t\t\t\t<dd class='wp-caption-text gallery-caption' id='gallery-1-13832'>\n\t\t\t\tFoto: AI &#8211; Expofred 2016\n\t\t\t\t<\/dd><\/dl><dl class='gallery-item'>\n\t\t\t<dt class='gallery-icon portrait'>\n\t\t\t\t<a href='https:\/\/www2.comunitaria.com.br\/en\/candidatas-a-soberanas-da-expofred-2016-se-preparam-para-desfile\/12496252_1112376462128442_3246864374077411585_o\/'><img loading=\"lazy\" decoding=\"async\" width=\"150\" height=\"150\" src=\"https:\/\/www2.comunitaria.com.br\/wp-content\/uploads\/2016\/01\/12496252_1112376462128442_3246864374077411585_o-150x150.jpg\" class=\"attachment-thumbnail size-thumbnail\" alt=\"\" aria-describedby=\"gallery-1-13831\" srcset=\"https:\/\/www2.comunitaria.com.br\/wp-content\/uploads\/2016\/01\/12496252_1112376462128442_3246864374077411585_o-150x150.jpg 150w, https:\/\/www2.comunitaria.com.br\/wp-content\/uploads\/2016\/01\/12496252_1112376462128442_3246864374077411585_o-65x65.jpg 65w\" sizes=\"auto, (max-width: 150px) 100vw, 150px\" \/><\/a>\n\t\t\t<\/dt>\n\t\t\t\t<dd class='wp-caption-text gallery-caption' id='gallery-1-13831'>\n\t\t\t\tFoto: AI &#8211; Expofred 2016\n\t\t\t\t<\/dd><\/dl><br style=\"clear: both\" \/>\n\t\t<\/div>\n\n<p style=\"text-align: justify;\"><strong>AI &#8211; Expofred<\/strong><\/p>","protected":false},"excerpt":{"rendered":"<p>Durante oficina de prepara\u00e7\u00e3o para a escolha da corte da Expofred 2016, as candidatas realizaram o primeiro\u00a0ensaio para o desfile. A escolha ser\u00e1 realizada no dia 27 deste m\u00eas, no Clube Ipiranga.\u00a0\u00a0O professor e artista, Danilo Gregory, \u00e9 quem est\u00e1 preparando as candidatas. Na noite desta quinta-feira, 14, o histori\u00f3grafo Wilson Ferigollo, ir\u00e1 relatar a<\/p>\n<div class=\"read-more-wrapper\"><a class=\"read-more\" href=\"https:\/\/www2.comunitaria.com.br\/en\/candidatas-a-soberanas-da-expofred-2016-se-preparam-para-desfile\/\" title=\"Read More\"> <span class=\"button\">Read More<\/span><\/a><\/div>","protected":false},"author":2,"featured_media":13830,"comment_status":"open","ping_status":"closed","sticky":false,"template":"","format":"standard","meta":{"ngg_post_thumbnail":0,"footnotes":""},"categories":[42,33,35],"tags":[2273,1482,2054,1099,1165],"class_list":["post-13829","post","type-post","status-publish","format-standard","has-post-thumbnail","hentry","category-fred-west","category-noticias","category-variedades","tag-escolha-soberanas","tag-expofred","tag-expofred-2016","tag-soberanas","tag-variedades"],"amp_enabled":true,"_links":{"self":[{"href":"https:\/\/www2.comunitaria.com.br\/en\/wp-json\/wp\/v2\/posts\/13829","targetHints":{"allow":["GET"]}}],"collection":[{"href":"https:\/\/www2.comunitaria.com.br\/en\/wp-json\/wp\/v2\/posts"}],"about":[{"href":"https:\/\/www2.comunitaria.com.br\/en\/wp-json\/wp\/v2\/types\/post"}],"author":[{"embeddable":true,"href":"https:\/\/www2.comunitaria.com.br\/en\/wp-json\/wp\/v2\/users\/2"}],"replies":[{"embeddable":true,"href":"https:\/\/www2.comunitaria.com.br\/en\/wp-json\/wp\/v2\/comments?post=13829"}],"version-history":[{"count":0,"href":"https:\/\/www2.comunitaria.com.br\/en\/wp-json\/wp\/v2\/posts\/13829\/revisions"}],"wp:featuredmedia":[{"embeddable":true,"href":"https:\/\/www2.comunitaria.com.br\/en\/wp-json\/wp\/v2\/media\/13830"}],"wp:attachment":[{"href":"https:\/\/www2.comunitaria.com.br\/en\/wp-json\/wp\/v2\/media?parent=13829"}],"wp:term":[{"taxonomy":"category","embeddable":true,"href":"https:\/\/www2.comunitaria.com.br\/en\/wp-json\/wp\/v2\/categories?post=13829"},{"taxonomy":"post_tag","embeddable":true,"href":"https:\/\/www2.comunitaria.com.br\/en\/wp-json\/wp\/v2\/tags?post=13829"}],"curies":[{"name":"wp","href":"https:\/\/api.w.org\/{rel}","templated":true}]}}