{"id":13800,"date":"2016-01-13T17:08:58","date_gmt":"2016-01-13T19:08:58","guid":{"rendered":"http:\/\/www2.comunitaria.com.br\/?p=13800"},"modified":"2016-01-13T17:08:58","modified_gmt":"2016-01-13T19:08:58","slug":"uergsfw-curso-de-especializacao-em-lideranca-e-sustentabilidade-inicia-em-abril","status":"publish","type":"post","link":"https:\/\/www2.comunitaria.com.br\/en\/uergsfw-curso-de-especializacao-em-lideranca-e-sustentabilidade-inicia-em-abril\/","title":{"rendered":"Uergs\/FW: Curso de especializa\u00e7\u00e3o em Lideran\u00e7a e Sustentabilidade inicia em abril"},"content":{"rendered":"<p style=\"text-align: justify;\">A Unidade da Universidade Estadual do Rio Grande do Sul (Uergs) unidade de\u00a0Frederico Westphalen inicia em abril a primeira turma do curso de Especializa\u00e7\u00e3o em Lideran\u00e7a e Sustentabilidade. As inscri\u00e7\u00f5es ocorrer\u00e3o de 15 de fevereiro a 12 de mar\u00e7o.<\/p>\n<p style=\"text-align: justify;\">O curso de p\u00f3s-gradua\u00e7\u00e3o \u00e9 dirigido a profissionais das \u00e1reas de ci\u00eancias sociais aplicadas, ci\u00eancias humanas e de car\u00e1ter multidisciplinar. Tamb\u00e9m poder\u00e3o se inscrever graduados e prov\u00e1veis formandos de cursos superiores em todas as \u00e1reas do conhecimento. Ao final do curso, os profissionais estar\u00e3o aptos a atuar como l\u00edderes, com habilidades para analisar a din\u00e2mica das organiza\u00e7\u00f5es e vislumbrar e avaliar oportunidades de neg\u00f3cios.<\/p>\n<p style=\"text-align: justify;\">S\u00e3o ofertadas 40 vagas e os candidatos ser\u00e3o selecionados por meio da an\u00e1lise do curr\u00edculo e entrevista.<\/p>\n<p style=\"text-align: justify;\">As inscri\u00e7\u00f5es devem ser feitas presencialmente na Unidade (Rua Nossa Senhora de F\u00e1tima, 115, Bairro F\u00e1tima).<\/p>\n<p style=\"text-align: justify;\">Mais informa\u00e7\u00f5es podem ser obtidas pelo telefone (55) 3744-1142.<\/p>\n<p style=\"text-align: justify;\">","protected":false},"excerpt":{"rendered":"<p>A Unidade da Universidade Estadual do Rio Grande do Sul (Uergs) unidade de\u00a0Frederico Westphalen inicia em abril a primeira turma do curso de Especializa\u00e7\u00e3o em Lideran\u00e7a e Sustentabilidade. As inscri\u00e7\u00f5es&#8230;<\/p>","protected":false},"author":2,"featured_media":13593,"comment_status":"open","ping_status":"closed","sticky":false,"template":"","format":"standard","meta":{"ngg_post_thumbnail":0,"footnotes":""},"categories":[44,33,35],"tags":[1020,413,2309,126],"class_list":["post-13800","post","type-post","status-publish","format-standard","has-post-thumbnail","hentry","category-educacao","category-noticias","category-variedades","tag-curso","tag-educacao-2","tag-especializacao","tag-uergs"],"amp_enabled":true,"_links":{"self":[{"href":"https:\/\/www2.comunitaria.com.br\/en\/wp-json\/wp\/v2\/posts\/13800","targetHints":{"allow":["GET"]}}],"collection":[{"href":"https:\/\/www2.comunitaria.com.br\/en\/wp-json\/wp\/v2\/posts"}],"about":[{"href":"https:\/\/www2.comunitaria.com.br\/en\/wp-json\/wp\/v2\/types\/post"}],"author":[{"embeddable":true,"href":"https:\/\/www2.comunitaria.com.br\/en\/wp-json\/wp\/v2\/users\/2"}],"replies":[{"embeddable":true,"href":"https:\/\/www2.comunitaria.com.br\/en\/wp-json\/wp\/v2\/comments?post=13800"}],"version-history":[{"count":0,"href":"https:\/\/www2.comunitaria.com.br\/en\/wp-json\/wp\/v2\/posts\/13800\/revisions"}],"wp:featuredmedia":[{"embeddable":true,"href":"https:\/\/www2.comunitaria.com.br\/en\/wp-json\/wp\/v2\/media\/13593"}],"wp:attachment":[{"href":"https:\/\/www2.comunitaria.com.br\/en\/wp-json\/wp\/v2\/media?parent=13800"}],"wp:term":[{"taxonomy":"category","embeddable":true,"href":"https:\/\/www2.comunitaria.com.br\/en\/wp-json\/wp\/v2\/categories?post=13800"},{"taxonomy":"post_tag","embeddable":true,"href":"https:\/\/www2.comunitaria.com.br\/en\/wp-json\/wp\/v2\/tags?post=13800"}],"curies":[{"name":"wp","href":"https:\/\/api.w.org\/{rel}","templated":true}]}}