{"id":13784,"date":"2016-02-01T13:55:34","date_gmt":"2016-02-01T15:55:34","guid":{"rendered":"http:\/\/www2.comunitaria.com.br\/?p=13784"},"modified":"2016-02-01T14:33:27","modified_gmt":"2016-02-01T16:33:27","slug":"urifw-realizara-a-2a-edicao-da-jornada-de-estudos-docentes-jed","status":"publish","type":"post","link":"https:\/\/www2.comunitaria.com.br\/en\/urifw-realizara-a-2a-edicao-da-jornada-de-estudos-docentes-jed\/","title":{"rendered":"URI\/FW realizar\u00e1 a 2\u00aa edi\u00e7\u00e3o da Jornada de Estudos Docentes (JED)"},"content":{"rendered":"<p style=\"text-align: justify;\">A 2\u00aa edi\u00e7\u00e3o da Jornada de Estudos Docentes (JED) marcar\u00e1 o retorno dos professores da URI\/FW em 2016. O evento, cuja tem\u00e1tica deste ano \u00e9 <strong>Universidade do futuro e seus marcos legais: empreender e legitimar,\u00a0<\/strong>ser\u00e1 realizado no Audit\u00f3rio, nos dias 10 e 11 de fevereiro, no turno da manh\u00e3, e reunir\u00e1 todo o corpo docente da Universidade para trocar experi\u00eancias e revisitar conceitos.<\/p>\n<p style=\"text-align: justify;\">A JED integra o projeto de Forma\u00e7\u00e3o Continuada da institui\u00e7\u00e3o e foi criado especialmente para os docentes da URI, com o objetivo de pensar metodologias, did\u00e1ticas e elementos que contribuam para uma aula com constru\u00e7\u00e3o de conhecimento.<\/p>\n<p style=\"text-align: justify;\"><strong>Fique por dentro da programa\u00e7\u00e3o<br \/>\n<\/strong><\/p>\n<p style=\"text-align: justify;\">No 1\u00ba dia do evento, al\u00e9m da abertura oficial, ser\u00e1 proposta uma reflex\u00e3o sobre as legisla\u00e7\u00f5es presentes nos Projetos Pedag\u00f3gicos dos Cursos (PPCs) e um momento muito especial que \u00e9 a presen\u00e7a do Dr. Renato Oliveira, Secret\u00e1rio Estadual de Ci\u00eancia e Tecnologia que versar\u00e1 sobre o tema <strong>A Universidade Comunit\u00e1ria e o Desafio da Inova\u00e7\u00e3o.<\/strong><\/p>\n<p style=\"text-align: justify;\">A partir das 12h, tendo em vista o turno \u00fanico, a programa\u00e7\u00e3o segue para os docentes que desejarem aprender mais sobre a lousa digital, com os colegas professores Mauricio Sulzbach e Andre Stefanello.<\/p>\n<p style=\"text-align: justify;\">No 2\u00ba e \u00faltimo dia do evento, a JED segue com todos os professores, com atividades planejadas por Departamento, tratando de pain\u00e9is e reflex\u00f5es que cunham sobre a doc\u00eancia em rela\u00e7\u00e3o a \u00e1rea onde atuam.<\/p>\n<p style=\"text-align: justify;\">A diretora acad\u00eamica da URI\/FW, Elisabete Cerutti,<em>\u00a0<\/em>destaca a import\u00e2ncia deste espa\u00e7o.\u00a0<em>&#8220;Temos uma gest\u00e3o colegiada e ao longo do ano, os Departamentos e os Coordenadores de Curso trazem situa\u00e7\u00f5es que precisam ser melhor refletidas e alinhadas nos processos que a Universidade necessita avan\u00e7ar. Assim, fica mais clara a constru\u00e7\u00e3o de perspectivas de trabalho do professor em conformidade com a \u00e1rea, legitimando os PPCs num fortalecimento da forma\u00e7\u00e3o continuada com nossos docentes.&#8221;<\/em><\/p>\n<p>&nbsp;<\/p>\n<p style=\"text-align: justify;\"><a href=\"http:\/\/www2.comunitaria.com.br\/wp-content\/uploads\/2016\/01\/JED_-_progamacao.jpg\" rel=\"attachment wp-att-13786\"><img loading=\"lazy\" decoding=\"async\" class=\"size-full wp-image-13786 aligncenter\" src=\"http:\/\/www2.comunitaria.com.br\/wp-content\/uploads\/2016\/01\/JED_-_progamacao.jpg\" alt=\"JED_-_progamacao\" width=\"663\" height=\"800\" srcset=\"https:\/\/www2.comunitaria.com.br\/wp-content\/uploads\/2016\/01\/JED_-_progamacao.jpg 663w, https:\/\/www2.comunitaria.com.br\/wp-content\/uploads\/2016\/01\/JED_-_progamacao-249x300.jpg 249w\" sizes=\"auto, (max-width: 663px) 100vw, 663px\" \/><\/a><\/p>\n<div class=\"descFonte td\" style=\"text-align: justify;\" align=\"left\"><strong><a class=\"linkDes\">Assessoria de Comunica\u00e7\u00e3o URI\/FW<\/a><\/strong><\/div>\n<div class=\"dataNoticiado ts\" style=\"text-align: justify;\" align=\"right\"><\/div>","protected":false},"excerpt":{"rendered":"<p>A 2\u00aa edi\u00e7\u00e3o da Jornada de Estudos Docentes (JED) marcar\u00e1 o retorno dos professores da URI\/FW em 2016. O evento, cuja tem\u00e1tica deste ano \u00e9 Universidade do futuro e seus&#8230;<\/p>","protected":false},"author":2,"featured_media":13787,"comment_status":"open","ping_status":"closed","sticky":false,"template":"","format":"standard","meta":{"ngg_post_thumbnail":0,"footnotes":""},"categories":[44,42,33],"tags":[413,66,141],"class_list":["post-13784","post","type-post","status-publish","format-standard","has-post-thumbnail","hentry","category-educacao","category-fred-west","category-noticias","tag-educacao-2","tag-professores","tag-uri"],"amp_enabled":true,"_links":{"self":[{"href":"https:\/\/www2.comunitaria.com.br\/en\/wp-json\/wp\/v2\/posts\/13784","targetHints":{"allow":["GET"]}}],"collection":[{"href":"https:\/\/www2.comunitaria.com.br\/en\/wp-json\/wp\/v2\/posts"}],"about":[{"href":"https:\/\/www2.comunitaria.com.br\/en\/wp-json\/wp\/v2\/types\/post"}],"author":[{"embeddable":true,"href":"https:\/\/www2.comunitaria.com.br\/en\/wp-json\/wp\/v2\/users\/2"}],"replies":[{"embeddable":true,"href":"https:\/\/www2.comunitaria.com.br\/en\/wp-json\/wp\/v2\/comments?post=13784"}],"version-history":[{"count":0,"href":"https:\/\/www2.comunitaria.com.br\/en\/wp-json\/wp\/v2\/posts\/13784\/revisions"}],"wp:featuredmedia":[{"embeddable":true,"href":"https:\/\/www2.comunitaria.com.br\/en\/wp-json\/wp\/v2\/media\/13787"}],"wp:attachment":[{"href":"https:\/\/www2.comunitaria.com.br\/en\/wp-json\/wp\/v2\/media?parent=13784"}],"wp:term":[{"taxonomy":"category","embeddable":true,"href":"https:\/\/www2.comunitaria.com.br\/en\/wp-json\/wp\/v2\/categories?post=13784"},{"taxonomy":"post_tag","embeddable":true,"href":"https:\/\/www2.comunitaria.com.br\/en\/wp-json\/wp\/v2\/tags?post=13784"}],"curies":[{"name":"wp","href":"https:\/\/api.w.org\/{rel}","templated":true}]}}