{"id":13774,"date":"2016-01-13T09:51:19","date_gmt":"2016-01-13T11:51:19","guid":{"rendered":"http:\/\/www2.comunitaria.com.br\/?p=13774"},"modified":"2016-01-13T09:51:19","modified_gmt":"2016-01-13T11:51:19","slug":"associacao-de-moradores-do-bairro-aparecida-busca-viabilizacao-de-horta-comunitaria","status":"publish","type":"post","link":"https:\/\/www2.comunitaria.com.br\/en\/associacao-de-moradores-do-bairro-aparecida-busca-viabilizacao-de-horta-comunitaria\/","title":{"rendered":"Associa\u00e7\u00e3o de Moradores do Bairro Aparecida busca viabiliza\u00e7\u00e3o de horta comunit\u00e1ria"},"content":{"rendered":"<p style=\"text-align: justify;\">A Associa\u00e7\u00e3o de Moradores do Bairro Aparecida est\u00e1 buscando o apoio do Poder Legislativo para viabilizar a constru\u00e7\u00e3o de uma horta comunit\u00e1ria.<\/p>\n<p style=\"text-align: justify;\">Foi realizada, na manh\u00e3 da ter\u00e7a-feira, dia 12, uma reuni\u00e3o com o coordenador da Associa\u00e7\u00e3o, Jocelito Ambrosi, acad\u00eamico de Engenharia Ambiental, Joel Silva da Costa, presidente da C\u00e2mara de Vereadores, L\u00eddio Signori, e vereadores Paulo Lima e Loridane Bortoluzzi Presotto. A partir disso, o secret\u00e1rio de Planejamento, Diego Rocha, se reuniu com os interessados para analisar a ideia.<\/p>\n<p style=\"text-align: justify;\">O projeto prev\u00ea a\u00e7\u00f5es de sensibiliza\u00e7\u00e3o ambiental junto ao curso de Engenharia Ambiental, da UFSM\/FW.<\/p>\n<p style=\"text-align: justify;\"><span class=\"Apple-converted-space\">O Poder Executivo encaminhar\u00e1 o projeto ao Legislativo para aprova\u00e7\u00e3o da ced\u00eancia do terreno.<\/span><\/p>\n<p style=\"text-align: justify;\"><strong>Foto:<\/strong> Assessoria de Comunica\u00e7\u00e3o da C\u00e2mara de Vereadores<\/p>","protected":false},"excerpt":{"rendered":"<p>A Associa\u00e7\u00e3o de Moradores do Bairro Aparecida est\u00e1 buscando o apoio do Poder Legislativo para viabilizar a constru\u00e7\u00e3o de uma horta comunit\u00e1ria. Foi realizada, na manh\u00e3 da ter\u00e7a-feira, dia 12,&#8230;<\/p>","protected":false},"author":2,"featured_media":13775,"comment_status":"open","ping_status":"closed","sticky":false,"template":"","format":"standard","meta":{"ngg_post_thumbnail":0,"footnotes":""},"categories":[42,33],"tags":[1933,158,2304,117],"class_list":["post-13774","post","type-post","status-publish","format-standard","has-post-thumbnail","hentry","category-fred-west","category-noticias","tag-bairro-aparecida","tag-camara-de-vereadores","tag-horta-comunitaria","tag-projeto"],"amp_enabled":true,"_links":{"self":[{"href":"https:\/\/www2.comunitaria.com.br\/en\/wp-json\/wp\/v2\/posts\/13774","targetHints":{"allow":["GET"]}}],"collection":[{"href":"https:\/\/www2.comunitaria.com.br\/en\/wp-json\/wp\/v2\/posts"}],"about":[{"href":"https:\/\/www2.comunitaria.com.br\/en\/wp-json\/wp\/v2\/types\/post"}],"author":[{"embeddable":true,"href":"https:\/\/www2.comunitaria.com.br\/en\/wp-json\/wp\/v2\/users\/2"}],"replies":[{"embeddable":true,"href":"https:\/\/www2.comunitaria.com.br\/en\/wp-json\/wp\/v2\/comments?post=13774"}],"version-history":[{"count":0,"href":"https:\/\/www2.comunitaria.com.br\/en\/wp-json\/wp\/v2\/posts\/13774\/revisions"}],"wp:featuredmedia":[{"embeddable":true,"href":"https:\/\/www2.comunitaria.com.br\/en\/wp-json\/wp\/v2\/media\/13775"}],"wp:attachment":[{"href":"https:\/\/www2.comunitaria.com.br\/en\/wp-json\/wp\/v2\/media?parent=13774"}],"wp:term":[{"taxonomy":"category","embeddable":true,"href":"https:\/\/www2.comunitaria.com.br\/en\/wp-json\/wp\/v2\/categories?post=13774"},{"taxonomy":"post_tag","embeddable":true,"href":"https:\/\/www2.comunitaria.com.br\/en\/wp-json\/wp\/v2\/tags?post=13774"}],"curies":[{"name":"wp","href":"https:\/\/api.w.org\/{rel}","templated":true}]}}