{"id":13750,"date":"2016-01-12T14:20:37","date_gmt":"2016-01-12T16:20:37","guid":{"rendered":"http:\/\/www2.comunitaria.com.br\/?p=13750"},"modified":"2016-01-12T14:20:37","modified_gmt":"2016-01-12T16:20:37","slug":"torneio-aberto-de-ferias-realizado-pela-cufa-ocorre-neste-sabado-em-irai","status":"publish","type":"post","link":"https:\/\/www2.comunitaria.com.br\/en\/torneio-aberto-de-ferias-realizado-pela-cufa-ocorre-neste-sabado-em-irai\/","title":{"rendered":"Torneio Aberto de F\u00e9rias realizado pela CUFA ocorre neste s\u00e1bado em Ira\u00ed"},"content":{"rendered":"<p style=\"text-align: justify;\">No pr\u00f3ximo s\u00e1bado, 16, a CUFA\/FW realizar\u00e1 um torneio de futsal no munic\u00edpio de Ira\u00ed. O Torneio Aberto de F\u00e9rias integra o projeto \u201cEsporte, Cultura e Arte para a Cidadania\u201d, em andamento desde novembro de 2015. O projeto j\u00e1 levou sess\u00f5es de cinema ao ar livre, palestras, apresenta\u00e7\u00f5es de circo e teatro, al\u00e9m de outros torneios em diversas escolas do munic\u00edpio.<\/p>\n<p style=\"text-align: justify;\">As categorias que poder\u00e3o participar s\u00e3o: At\u00e9 9 anos, de 10 a 12 anos, de 13 a 14 e de 15 a 17, feminino e masculino. As inscri\u00e7\u00f5es ser\u00e3o feitas no Gin\u00e1sio de Esportes de Ira\u00ed e s\u00e3o gratuitas. Todas as categorias receber\u00e3o premia\u00e7\u00e3o de 1\u00ba, 2\u00ba e 3\u00ba lugar.<\/p>\n<p style=\"text-align: justify;\">O evento \u00e9 uma realiza\u00e7\u00e3o da Central \u00danica das Favelas, \u00a0Conselho Municipal dos Direitos da Crian\u00e7a e Adolescente de Ira\u00ed (CMDCA) e Governo Municipal de Ira\u00ed.<\/p>\n<p style=\"text-align: justify;\"><a href=\"http:\/\/www2.comunitaria.com.br\/wp-content\/uploads\/2016\/01\/12498613_435992913276734_1961772032_n.jpg\" rel=\"attachment wp-att-13751\"><img loading=\"lazy\" decoding=\"async\" class=\"aligncenter wp-image-13751\" src=\"http:\/\/www2.comunitaria.com.br\/wp-content\/uploads\/2016\/01\/12498613_435992913276734_1961772032_n.jpg\" alt=\"12498613_435992913276734_1961772032_n\" width=\"631\" height=\"766\" srcset=\"https:\/\/www2.comunitaria.com.br\/wp-content\/uploads\/2016\/01\/12498613_435992913276734_1961772032_n.jpg 791w, https:\/\/www2.comunitaria.com.br\/wp-content\/uploads\/2016\/01\/12498613_435992913276734_1961772032_n-247x300.jpg 247w, https:\/\/www2.comunitaria.com.br\/wp-content\/uploads\/2016\/01\/12498613_435992913276734_1961772032_n-768x932.jpg 768w\" sizes=\"auto, (max-width: 631px) 100vw, 631px\" \/><\/a><\/p>\n<p style=\"text-align: justify;\"><strong>AI &#8211; CUFA\/FW<\/strong><\/p>","protected":false},"excerpt":{"rendered":"<p>No pr\u00f3ximo s\u00e1bado, 16, a CUFA\/FW realizar\u00e1 um torneio de futsal no munic\u00edpio de Ira\u00ed. O Torneio Aberto de F\u00e9rias integra o projeto \u201cEsporte, Cultura e Arte para a Cidadania\u201d, em andamento desde novembro de 2015. O projeto j\u00e1 levou sess\u00f5es de cinema ao ar livre, palestras, apresenta\u00e7\u00f5es de circo e teatro, al\u00e9m de outros<\/p>\n<div class=\"read-more-wrapper\"><a class=\"read-more\" href=\"https:\/\/www2.comunitaria.com.br\/en\/torneio-aberto-de-ferias-realizado-pela-cufa-ocorre-neste-sabado-em-irai\/\" title=\"Read More\"> <span class=\"button\">Read More<\/span><\/a><\/div>","protected":false},"author":2,"featured_media":13752,"comment_status":"open","ping_status":"closed","sticky":false,"template":"","format":"standard","meta":{"ngg_post_thumbnail":0,"footnotes":""},"categories":[34,42,33,43],"tags":[204,465,952,172,86,1914],"class_list":["post-13750","post","type-post","status-publish","format-standard","has-post-thumbnail","hentry","category-esportes","category-fred-west","category-noticias","category-regiao","tag-cufa","tag-esporte","tag-futsal","tag-irai","tag-regiao-2","tag-torneio"],"amp_enabled":true,"_links":{"self":[{"href":"https:\/\/www2.comunitaria.com.br\/en\/wp-json\/wp\/v2\/posts\/13750","targetHints":{"allow":["GET"]}}],"collection":[{"href":"https:\/\/www2.comunitaria.com.br\/en\/wp-json\/wp\/v2\/posts"}],"about":[{"href":"https:\/\/www2.comunitaria.com.br\/en\/wp-json\/wp\/v2\/types\/post"}],"author":[{"embeddable":true,"href":"https:\/\/www2.comunitaria.com.br\/en\/wp-json\/wp\/v2\/users\/2"}],"replies":[{"embeddable":true,"href":"https:\/\/www2.comunitaria.com.br\/en\/wp-json\/wp\/v2\/comments?post=13750"}],"version-history":[{"count":0,"href":"https:\/\/www2.comunitaria.com.br\/en\/wp-json\/wp\/v2\/posts\/13750\/revisions"}],"wp:featuredmedia":[{"embeddable":true,"href":"https:\/\/www2.comunitaria.com.br\/en\/wp-json\/wp\/v2\/media\/13752"}],"wp:attachment":[{"href":"https:\/\/www2.comunitaria.com.br\/en\/wp-json\/wp\/v2\/media?parent=13750"}],"wp:term":[{"taxonomy":"category","embeddable":true,"href":"https:\/\/www2.comunitaria.com.br\/en\/wp-json\/wp\/v2\/categories?post=13750"},{"taxonomy":"post_tag","embeddable":true,"href":"https:\/\/www2.comunitaria.com.br\/en\/wp-json\/wp\/v2\/tags?post=13750"}],"curies":[{"name":"wp","href":"https:\/\/api.w.org\/{rel}","templated":true}]}}