{"id":13558,"date":"2016-01-06T16:03:16","date_gmt":"2016-01-06T18:03:16","guid":{"rendered":"http:\/\/www2.comunitaria.com.br\/?p=13558"},"modified":"2016-01-06T16:05:40","modified_gmt":"2016-01-06T18:05:40","slug":"ibge-recebe-autorizacao-para-contratar-mais-de-7-mil-trabalhadores-temporarios","status":"publish","type":"post","link":"https:\/\/www2.comunitaria.com.br\/en\/ibge-recebe-autorizacao-para-contratar-mais-de-7-mil-trabalhadores-temporarios\/","title":{"rendered":"IBGE recebe autoriza\u00e7\u00e3o para contratar mais de 7 mil trabalhadores tempor\u00e1rios"},"content":{"rendered":"<p style=\"text-align: justify;\">O Instituto Brasileiro de Geografia e Estat\u00edstica (IBGE) recebeu autoriza\u00e7\u00e3o do Minist\u00e9rio do Planejamento, Or\u00e7amento e Gest\u00e3o para contratar at\u00e9 7.825 profissionais\u00a0por tempo determinado. Os trabalhadores realizar\u00e3o\u00a0pesquisas econ\u00f4micas e\u00a0sociodemogr\u00e1ficas de car\u00e1ter tempor\u00e1rio.<\/p>\n<p style=\"text-align: justify;\">A portaria com a permiss\u00e3o foi publicada no <b><a href=\"http:\/\/pesquisa.in.gov.br\/imprensa\/jsp\/visualiza\/index.jsp?jornal=1&amp;pagina=33&amp;data=06\/01\/2016\" target=\"_blank\">Di\u00e1rio Oficial da Uni\u00e3o desta quarta-feira, 6 de janeiro<\/a><\/b>.<\/p>\n<p style=\"text-align: justify;\">As contrata\u00e7\u00f5es dever\u00e3o ser feitas por meio de processo seletivo simplificado.\u00a0A autoriza\u00e7\u00e3o permite contratar at\u00e9 25 supervisores de pesquisa por telefone, 7,5 mil agentes de pesquisa e mapeamento e 300 agentes de pesquisa por telefone. Os contratos ser\u00e3o de um ano, com possibilidade de prorroga\u00e7\u00e3o por mais dois.\u00a0O edital de abertura do Processo Seletivo estar\u00e1 dispon\u00edvel em breve contendo a \u00e1rea de atua\u00e7\u00e3o, a descri\u00e7\u00e3o das atribui\u00e7\u00f5es, a remunera\u00e7\u00e3o e o prazo de dura\u00e7\u00e3o do contrato.<\/p>\n<p style=\"text-align: justify;\">O IBGE j\u00e1 havia sido autorizado pelo Minist\u00e9rio do Planejamento, em dezembro, a <b><a href=\"http:\/\/www2.comunitaria.com.br\/en\/planejamento-autoriza-concurso-para-82-mil-vagas-temporarias-no-ibge\/\" target=\"_blank\">contratar outros\u00a082.023 trabalhadores tempor\u00e1rios<\/a><\/b>. Eles v\u00e3o atuar na elabora\u00e7\u00e3o do\u00a0Censo Agropecu\u00e1rio 2016.<\/p>\n<p style=\"text-align: justify;\">E, atualmente, o instituto est\u00e1 com inscri\u00e7\u00f5es abertas para um concurso p\u00fablico para contratar 600 profissionais de forma efetiva em todo o pa\u00eds. <a href=\"http:\/\/www2.comunitaria.com.br\/en\/concurso-do-ibge-tem-31-vagas-no-rio-grande-do-sul\/\" target=\"_blank\">No Rio Grande do Sul, s\u00e3o 31 vagas.\u00a0<\/a><\/p>\n<p style=\"text-align: justify;\"><strong>Di\u00e1rio Ga\u00facho<\/strong><\/p>","protected":false},"excerpt":{"rendered":"<p>O Instituto Brasileiro de Geografia e Estat\u00edstica (IBGE) recebeu autoriza\u00e7\u00e3o do Minist\u00e9rio do Planejamento, Or\u00e7amento e Gest\u00e3o para contratar at\u00e9 7.825 profissionais\u00a0por tempo determinado. Os trabalhadores realizar\u00e3o\u00a0pesquisas econ\u00f4micas e\u00a0sociodemogr\u00e1ficas de&#8230;<\/p>","protected":false},"author":2,"featured_media":13559,"comment_status":"open","ping_status":"closed","sticky":false,"template":"","format":"standard","meta":{"ngg_post_thumbnail":0,"footnotes":""},"categories":[47,33,35],"tags":[1926,67,1103,359,1165],"class_list":["post-13558","post","type-post","status-publish","format-standard","has-post-thumbnail","hentry","category-brasil","category-noticias","category-variedades","tag-brasil","tag-concurso","tag-emprego","tag-ibge","tag-variedades"],"amp_enabled":true,"_links":{"self":[{"href":"https:\/\/www2.comunitaria.com.br\/en\/wp-json\/wp\/v2\/posts\/13558","targetHints":{"allow":["GET"]}}],"collection":[{"href":"https:\/\/www2.comunitaria.com.br\/en\/wp-json\/wp\/v2\/posts"}],"about":[{"href":"https:\/\/www2.comunitaria.com.br\/en\/wp-json\/wp\/v2\/types\/post"}],"author":[{"embeddable":true,"href":"https:\/\/www2.comunitaria.com.br\/en\/wp-json\/wp\/v2\/users\/2"}],"replies":[{"embeddable":true,"href":"https:\/\/www2.comunitaria.com.br\/en\/wp-json\/wp\/v2\/comments?post=13558"}],"version-history":[{"count":0,"href":"https:\/\/www2.comunitaria.com.br\/en\/wp-json\/wp\/v2\/posts\/13558\/revisions"}],"wp:featuredmedia":[{"embeddable":true,"href":"https:\/\/www2.comunitaria.com.br\/en\/wp-json\/wp\/v2\/media\/13559"}],"wp:attachment":[{"href":"https:\/\/www2.comunitaria.com.br\/en\/wp-json\/wp\/v2\/media?parent=13558"}],"wp:term":[{"taxonomy":"category","embeddable":true,"href":"https:\/\/www2.comunitaria.com.br\/en\/wp-json\/wp\/v2\/categories?post=13558"},{"taxonomy":"post_tag","embeddable":true,"href":"https:\/\/www2.comunitaria.com.br\/en\/wp-json\/wp\/v2\/tags?post=13558"}],"curies":[{"name":"wp","href":"https:\/\/api.w.org\/{rel}","templated":true}]}}