{"id":13417,"date":"2015-12-31T12:02:35","date_gmt":"2015-12-31T14:02:35","guid":{"rendered":"http:\/\/www2.comunitaria.com.br\/?p=13417"},"modified":"2015-12-31T12:02:35","modified_gmt":"2015-12-31T14:02:35","slug":"homem-e-morto-a-tiros-no-interior-de-palmitinho","status":"publish","type":"post","link":"https:\/\/www2.comunitaria.com.br\/en\/homem-e-morto-a-tiros-no-interior-de-palmitinho\/","title":{"rendered":"Homem \u00e9 morto a tiros no interior de Palmitinho"},"content":{"rendered":"<p>Um homem foi encontrado morto na manh\u00e3 desta quinta-feira(31), na comunidade da Linha Limeira, no interior de Palmitinho.<\/p>\n<p>Conforme informa\u00e7\u00f5es da Pol\u00edcia Civil, a v\u00edtima \u00e9 Isidoro Rodrigues(55), conhecido como Dorinho. O corpo foi encontrado por volta das 9hs com duas perfura\u00e7\u00f5es, provavelmente ocasionadas por arma de fogo.<\/p>\n<p>Conforme testemunhas, disparos foram ouvidos por volta das 7hs. Ao se dirigerem ao local encontraram corpo que estava ca\u00eddo a cerca de 300m de uma motocicleta, provavelmente conduzida pela v\u00edtima.<\/p>\n<p>A Pol\u00edcia Civil est\u00e1 investigando o caso.<\/p>\n<p><em>R\u00e1dio Cultura FM &#8211; Palmitinho<\/em><\/p>","protected":false},"excerpt":{"rendered":"<p>Um homem foi encontrado morto na manh\u00e3 desta quinta-feira(31), na comunidade da Linha Limeira, no interior de Palmitinho. Conforme informa\u00e7\u00f5es da Pol\u00edcia Civil, a v\u00edtima \u00e9 Isidoro Rodrigues(55), conhecido como Dorinho. O corpo foi encontrado por volta das 9hs com duas perfura\u00e7\u00f5es, provavelmente ocasionadas por arma de fogo. Conforme testemunhas, disparos foram ouvidos por volta<\/p>\n<div class=\"read-more-wrapper\"><a class=\"read-more\" href=\"https:\/\/www2.comunitaria.com.br\/en\/homem-e-morto-a-tiros-no-interior-de-palmitinho\/\" title=\"Read More\"> <span class=\"button\">Read More<\/span><\/a><\/div>","protected":false},"author":2,"featured_media":13306,"comment_status":"open","ping_status":"closed","sticky":false,"template":"","format":"standard","meta":{"ngg_post_thumbnail":0,"footnotes":""},"categories":[28,36,43],"tags":[2244,97,191,862],"class_list":["post-13417","post","type-post","status-publish","format-standard","has-post-thumbnail","hentry","category-destaque","category-policia","category-regiao","tag-homi","tag-morte","tag-palmitinho","tag-tiros"],"amp_enabled":true,"_links":{"self":[{"href":"https:\/\/www2.comunitaria.com.br\/en\/wp-json\/wp\/v2\/posts\/13417","targetHints":{"allow":["GET"]}}],"collection":[{"href":"https:\/\/www2.comunitaria.com.br\/en\/wp-json\/wp\/v2\/posts"}],"about":[{"href":"https:\/\/www2.comunitaria.com.br\/en\/wp-json\/wp\/v2\/types\/post"}],"author":[{"embeddable":true,"href":"https:\/\/www2.comunitaria.com.br\/en\/wp-json\/wp\/v2\/users\/2"}],"replies":[{"embeddable":true,"href":"https:\/\/www2.comunitaria.com.br\/en\/wp-json\/wp\/v2\/comments?post=13417"}],"version-history":[{"count":0,"href":"https:\/\/www2.comunitaria.com.br\/en\/wp-json\/wp\/v2\/posts\/13417\/revisions"}],"wp:featuredmedia":[{"embeddable":true,"href":"https:\/\/www2.comunitaria.com.br\/en\/wp-json\/wp\/v2\/media\/13306"}],"wp:attachment":[{"href":"https:\/\/www2.comunitaria.com.br\/en\/wp-json\/wp\/v2\/media?parent=13417"}],"wp:term":[{"taxonomy":"category","embeddable":true,"href":"https:\/\/www2.comunitaria.com.br\/en\/wp-json\/wp\/v2\/categories?post=13417"},{"taxonomy":"post_tag","embeddable":true,"href":"https:\/\/www2.comunitaria.com.br\/en\/wp-json\/wp\/v2\/tags?post=13417"}],"curies":[{"name":"wp","href":"https:\/\/api.w.org\/{rel}","templated":true}]}}