{"id":13388,"date":"2016-01-05T08:27:39","date_gmt":"2016-01-05T10:27:39","guid":{"rendered":"http:\/\/www2.comunitaria.com.br\/?p=13388"},"modified":"2016-01-05T08:34:31","modified_gmt":"2016-01-05T10:34:31","slug":"sorteio-da-campanha-show-de-premios-2015-sera-realizado-no-dia-09","status":"publish","type":"post","link":"https:\/\/www2.comunitaria.com.br\/en\/sorteio-da-campanha-show-de-premios-2015-sera-realizado-no-dia-09\/","title":{"rendered":"Sorteio da Campanha Show de Pr\u00eamios 2015 ser\u00e1 realizado no dia 09"},"content":{"rendered":"<p style=\"text-align: justify;\">O sorteio da Campanha Show de Pr\u00eamios 2015, que est\u00e1 em sua 13\u00aa edi\u00e7\u00e3o, ser\u00e1 realizado no dia 09 de janeiro, \u00e0s 20h30min, na Pra\u00e7a da Matriz. Em 12 anos de Campanha, 917 clientes j\u00e1 foram premiados.<\/p>\n<p style=\"text-align: justify;\">Para concorrer, \u00e9 preciso preencher todos os campos da cartela e entregar na C\u00e2mara de Dirigentes Lojistas (CDL) at\u00e9 \u00e0s 12h do dia 09. Os cupons que n\u00e3o estiverem preenchidos corretamente ser\u00e3o desclassificados.<\/p>\n<p style=\"text-align: justify;\">A orienta\u00e7\u00e3o \u00e9 que os cupons sejam distribu\u00eddos \u00e0queles que realizarem compras acima de R$50. Para compras j\u00e1 realizadas ou realizadas em empresas que n\u00e3o aderiram a campanha, tamb\u00e9m \u00e9 poss\u00edvel trocar o cupom fiscal por cartelas da campanha na Prefeitura Municipal.<\/p>\n<p style=\"text-align: justify;\">Confira os <strong>pr\u00eamios:<\/strong><\/p>\n<ul style=\"text-align: justify;\">\n<li>01 Fiat P\u00e1lio 0km, 2 portas;<\/li>\n<li>01 notebook;<\/li>\n<li>01 smart TV led, 32 polegadas;<\/li>\n<li>01 Iphone Apple 4s preto;<\/li>\n<li>01 tablet com wi-fi, 7 polegadas;<\/li>\n<li>03 vale compras de R$1000;<\/li>\n<li>03 vale compras de R$500;<\/li>\n<li>03 vale compras de R$400;<\/li>\n<li>03 vale compras de R$300;<\/li>\n<li>03 vale compras de R$200.<\/li>\n<\/ul>\n<p style=\"text-align: justify;\">Al\u00e9m do sorteio, ser\u00e1 realizada a divulga\u00e7\u00e3o das empresas vencedoras do <a href=\"http:\/\/www2.comunitaria.com.br\/en\/cdl-lanca-enquete-para-votar-na-melhor-vitrine-de-natal\/\" target=\"_blank\">concurso &#8220;Um Sonho de Vitrine&#8221;<\/a>.\u00a0A partir do curso de ornamenta\u00e7\u00f5es realizado no dia 12 de novembro, a CDL\/FW lan\u00e7ou uma enquete no site para a escolha da melhor vitrine do com\u00e9rcio frederiquense com decora\u00e7\u00f5es natalinas. A primeira colocada receber\u00e1 R$500,00 e a segunda e terceira R$250,00.<\/p>","protected":false},"excerpt":{"rendered":"<p>O sorteio da Campanha Show de Pr\u00eamios 2015, que est\u00e1 em sua 13\u00aa edi\u00e7\u00e3o, ser\u00e1 realizado no dia 09 de janeiro, \u00e0s 20h30min, na Pra\u00e7a da Matriz. Em 12 anos&#8230;<\/p>","protected":false},"author":2,"featured_media":13389,"comment_status":"open","ping_status":"closed","sticky":false,"template":"","format":"standard","meta":{"ngg_post_thumbnail":0,"footnotes":""},"categories":[42,33,35],"tags":[60,527,1943,528,258],"class_list":["post-13388","post","type-post","status-publish","format-standard","has-post-thumbnail","hentry","category-fred-west","category-noticias","category-variedades","tag-campanha","tag-cdl","tag-frederico-wesphalen","tag-show-de-premios","tag-sorteio"],"amp_enabled":true,"_links":{"self":[{"href":"https:\/\/www2.comunitaria.com.br\/en\/wp-json\/wp\/v2\/posts\/13388","targetHints":{"allow":["GET"]}}],"collection":[{"href":"https:\/\/www2.comunitaria.com.br\/en\/wp-json\/wp\/v2\/posts"}],"about":[{"href":"https:\/\/www2.comunitaria.com.br\/en\/wp-json\/wp\/v2\/types\/post"}],"author":[{"embeddable":true,"href":"https:\/\/www2.comunitaria.com.br\/en\/wp-json\/wp\/v2\/users\/2"}],"replies":[{"embeddable":true,"href":"https:\/\/www2.comunitaria.com.br\/en\/wp-json\/wp\/v2\/comments?post=13388"}],"version-history":[{"count":0,"href":"https:\/\/www2.comunitaria.com.br\/en\/wp-json\/wp\/v2\/posts\/13388\/revisions"}],"wp:featuredmedia":[{"embeddable":true,"href":"https:\/\/www2.comunitaria.com.br\/en\/wp-json\/wp\/v2\/media\/13389"}],"wp:attachment":[{"href":"https:\/\/www2.comunitaria.com.br\/en\/wp-json\/wp\/v2\/media?parent=13388"}],"wp:term":[{"taxonomy":"category","embeddable":true,"href":"https:\/\/www2.comunitaria.com.br\/en\/wp-json\/wp\/v2\/categories?post=13388"},{"taxonomy":"post_tag","embeddable":true,"href":"https:\/\/www2.comunitaria.com.br\/en\/wp-json\/wp\/v2\/tags?post=13388"}],"curies":[{"name":"wp","href":"https:\/\/api.w.org\/{rel}","templated":true}]}}