{"id":13350,"date":"2015-12-30T10:44:08","date_gmt":"2015-12-30T12:44:08","guid":{"rendered":"http:\/\/www2.comunitaria.com.br\/?p=13350"},"modified":"2015-12-30T10:46:18","modified_gmt":"2015-12-30T12:46:18","slug":"3-circuito-frederiquense-de-verao-inicia-em-janeiro","status":"publish","type":"post","link":"https:\/\/www2.comunitaria.com.br\/en\/3-circuito-frederiquense-de-verao-inicia-em-janeiro\/","title":{"rendered":"3\u00b0 Circuito Frederiquense de Ver\u00e3o inicia em janeiro"},"content":{"rendered":"<p style=\"text-align: justify;\">Nos meses de\u00a0 janeiro e fevereiro acontece o 3\u00ba Circuito Frederiquense de Ver\u00e3o, promovido pela Secretaria Municipal de Esporte, Juventude e Lazer. Os jogos s\u00e3o realizados na sede da AABB de Frederico Westphalen, com exce\u00e7\u00e3o da modalidade nata\u00e7\u00e3o, que ocorre na sede campestre do Clube Recreativo e Cultural Harmonia.<\/p>\n<p style=\"text-align: justify;\">Confira os jogos:<\/p>\n<p style=\"text-align: justify;\"><strong>16 e 17 de Janeiro &#8211;<\/strong> V\u00f4lei de areia, 4&#215;4 misto e duplas &#8211; masculino e feminino<\/p>\n<p style=\"text-align: justify;\"><strong>23 e 24 de Janeiro <\/strong>&#8211; Circuito SESC &#8211; masculino e feminino<\/p>\n<p style=\"text-align: justify;\"><strong>30 e 31 de Janeiro<\/strong> &#8211; Futebol de Areia &#8211; masculino e feminino<\/p>\n<p style=\"text-align: justify;\"><strong>13 e 14<\/strong> <strong>de Fevereiro<\/strong> &#8211; Futvolei e Handbeach &#8211; masculino e feminino<\/p>\n<p style=\"text-align: justify;\"><strong>20 de Fevereiro<\/strong> &#8211; Nata\u00e7\u00e3o &#8211; masculino e feminino<\/p>\n<p><strong>ASCOM &#8211; Prefeitura Frederico Westphalen<\/strong><\/p>","protected":false},"excerpt":{"rendered":"<p>Nos meses de\u00a0 janeiro e fevereiro acontece o 3\u00ba Circuito Frederiquense de Ver\u00e3o, promovido pela Secretaria Municipal de Esporte, Juventude e Lazer. Os jogos s\u00e3o realizados na sede da AABB&#8230;<\/p>","protected":false},"author":2,"featured_media":13351,"comment_status":"open","ping_status":"closed","sticky":false,"template":"","format":"standard","meta":{"ngg_post_thumbnail":0,"footnotes":""},"categories":[34,42,28,33,35],"tags":[2236,465,82],"class_list":["post-13350","post","type-post","status-publish","format-standard","has-post-thumbnail","hentry","category-esportes","category-fred-west","category-destaque","category-noticias","category-variedades","tag-circuito-frederiquense-de-verao","tag-esporte","tag-frederico-westphalen"],"amp_enabled":true,"_links":{"self":[{"href":"https:\/\/www2.comunitaria.com.br\/en\/wp-json\/wp\/v2\/posts\/13350","targetHints":{"allow":["GET"]}}],"collection":[{"href":"https:\/\/www2.comunitaria.com.br\/en\/wp-json\/wp\/v2\/posts"}],"about":[{"href":"https:\/\/www2.comunitaria.com.br\/en\/wp-json\/wp\/v2\/types\/post"}],"author":[{"embeddable":true,"href":"https:\/\/www2.comunitaria.com.br\/en\/wp-json\/wp\/v2\/users\/2"}],"replies":[{"embeddable":true,"href":"https:\/\/www2.comunitaria.com.br\/en\/wp-json\/wp\/v2\/comments?post=13350"}],"version-history":[{"count":0,"href":"https:\/\/www2.comunitaria.com.br\/en\/wp-json\/wp\/v2\/posts\/13350\/revisions"}],"wp:featuredmedia":[{"embeddable":true,"href":"https:\/\/www2.comunitaria.com.br\/en\/wp-json\/wp\/v2\/media\/13351"}],"wp:attachment":[{"href":"https:\/\/www2.comunitaria.com.br\/en\/wp-json\/wp\/v2\/media?parent=13350"}],"wp:term":[{"taxonomy":"category","embeddable":true,"href":"https:\/\/www2.comunitaria.com.br\/en\/wp-json\/wp\/v2\/categories?post=13350"},{"taxonomy":"post_tag","embeddable":true,"href":"https:\/\/www2.comunitaria.com.br\/en\/wp-json\/wp\/v2\/tags?post=13350"}],"curies":[{"name":"wp","href":"https:\/\/api.w.org\/{rel}","templated":true}]}}