{"id":13317,"date":"2015-12-29T09:46:08","date_gmt":"2015-12-29T11:46:08","guid":{"rendered":"http:\/\/www2.comunitaria.com.br\/?p=13317"},"modified":"2015-12-29T09:47:01","modified_gmt":"2015-12-29T11:47:01","slug":"gravacoes-do-mp-indicariam-troca-de-10-cargos-por-votos-entre-jardel-e-governo-sartori","status":"publish","type":"post","link":"https:\/\/www2.comunitaria.com.br\/en\/gravacoes-do-mp-indicariam-troca-de-10-cargos-por-votos-entre-jardel-e-governo-sartori\/","title":{"rendered":"Grava\u00e7\u00f5es do MP indicariam troca de 10 cargos por votos entre Jardel e Governo Sartori"},"content":{"rendered":"<p>Deputados que integram a bancada estadual do PCdoB concederam entrevista coletiva na manh\u00e3 desta segunda-feira (28) para apresentar o conte\u00fado de documentos relacionados \u00e0 investiga\u00e7\u00e3o da Opera\u00e7\u00e3o Gol Contra, que apura um suposto desvio de recursos montado no gabinete do deputado Mario Jardel (PSD).<\/p>\n<p>Conforme o deputado Juliano Roso, o relat\u00f3rio levanta ind\u00edcios de que Jardel recebeu benef\u00edcios do governo Sartori para votar a favor de projetos de interesse do Piratini. O documento n\u00e3o foi apresentado \u00e0 imprensa, sob o argumento de que est\u00e1 em segredo de Justi\u00e7a.<\/p>\n<p>Parlamentares do PCdoB e tamb\u00e9m do PT afirmaram que relat\u00f3rio do Minist\u00e9rio P\u00fablico aponta que Jardel ganhou 10 cargos no governo para aprovar projetos, sendo que um deles seria \u201cfuncion\u00e1rio-fantasma\u201d. O voto de Jardel, por exemplo, foi decisivo para a aprova\u00e7\u00e3o do aumento de ICMS &#8211; projeto considerado essencial para o governo.<br \/>\nOs deputados questionam essa vota\u00e7\u00e3o e tamb\u00e9m a aprova\u00e7\u00e3o da mudan\u00e7a nas requisi\u00e7\u00f5es de pequeno valor (RPVs). No entanto, afirmaram que precisam de provas mais robustas para pedir judicialmente a anula\u00e7\u00e3o das vota\u00e7\u00f5es.<\/p>\n<audio class=\"wp-audio-shortcode\" id=\"audio-13317-1\" preload=\"none\" style=\"width: 100%;\" controls=\"controls\"><source type=\"audio\/mpeg\" src=\"http:\/\/www2.comunitaria.com.br\/wp-content\/uploads\/2015\/12\/juliano.mp3?_=1\" \/><a href=\"http:\/\/www2.comunitaria.com.br\/wp-content\/uploads\/2015\/12\/juliano.mp3\">http:\/\/www2.comunitaria.com.br\/wp-content\/uploads\/2015\/12\/juliano.mp3<\/a><\/audio>\n<p>Na semana passada, o corregedor-geral da Assembleia, deputado Marlon Santos (PDT), recomendou em seu parecer na Comiss\u00e3o de \u00c9tica a cassa\u00e7\u00e3o do mandato de Jardel, por conta das den\u00fancias da Opera\u00e7\u00e3o Gol Contra.<\/p>\n<p>Nesta tarde, os deputados divulgaram um v\u00eddeo com depoimento de Valmir Martins, ex-assessor de Jardel. Ao ser ouvido pelo corregedor do Legislativo e pelo deputado Pedro Ruas (Psol), ele afirmou que teria trocado cargos pelo voto.<\/p>\n<audio class=\"wp-audio-shortcode\" id=\"audio-13317-2\" preload=\"none\" style=\"width: 100%;\" controls=\"controls\"><source type=\"audio\/mpeg\" src=\"http:\/\/www2.comunitaria.com.br\/wp-content\/uploads\/2015\/12\/video.mp3?_=2\" \/><a href=\"http:\/\/www2.comunitaria.com.br\/wp-content\/uploads\/2015\/12\/video.mp3\">http:\/\/www2.comunitaria.com.br\/wp-content\/uploads\/2015\/12\/video.mp3<\/a><\/audio>\n<p>Jardel usou a tribuna da Assembleia para se manifestar.<\/p>\n<audio class=\"wp-audio-shortcode\" id=\"audio-13317-3\" preload=\"none\" style=\"width: 100%;\" controls=\"controls\"><source type=\"audio\/mpeg\" src=\"http:\/\/www2.comunitaria.com.br\/wp-content\/uploads\/2015\/12\/jardel.mp3?_=3\" \/><a href=\"http:\/\/www2.comunitaria.com.br\/wp-content\/uploads\/2015\/12\/jardel.mp3\">http:\/\/www2.comunitaria.com.br\/wp-content\/uploads\/2015\/12\/jardel.mp3<\/a><\/audio>","protected":false},"excerpt":{"rendered":"<p>Deputados que integram a bancada estadual do PCdoB concederam entrevista coletiva na manh\u00e3 desta segunda-feira (28) para apresentar o conte\u00fado de documentos relacionados \u00e0 investiga\u00e7\u00e3o da Opera\u00e7\u00e3o Gol Contra, que&#8230;<\/p>","protected":false},"author":2,"featured_media":13321,"comment_status":"open","ping_status":"closed","sticky":false,"template":"","format":"standard","meta":{"ngg_post_thumbnail":0,"footnotes":""},"categories":[51,46,33,38],"tags":[2233,2041,2231,1398,2230,2232],"class_list":["post-13317","post","type-post","status-publish","format-standard","has-post-thumbnail","hentry","category-audio","category-estado","category-noticias","category-politica","tag-compra-de-votos","tag-deputado","tag-gol-contra","tag-governo-sartori","tag-jardel","tag-juliano-roso"],"amp_enabled":true,"_links":{"self":[{"href":"https:\/\/www2.comunitaria.com.br\/en\/wp-json\/wp\/v2\/posts\/13317","targetHints":{"allow":["GET"]}}],"collection":[{"href":"https:\/\/www2.comunitaria.com.br\/en\/wp-json\/wp\/v2\/posts"}],"about":[{"href":"https:\/\/www2.comunitaria.com.br\/en\/wp-json\/wp\/v2\/types\/post"}],"author":[{"embeddable":true,"href":"https:\/\/www2.comunitaria.com.br\/en\/wp-json\/wp\/v2\/users\/2"}],"replies":[{"embeddable":true,"href":"https:\/\/www2.comunitaria.com.br\/en\/wp-json\/wp\/v2\/comments?post=13317"}],"version-history":[{"count":0,"href":"https:\/\/www2.comunitaria.com.br\/en\/wp-json\/wp\/v2\/posts\/13317\/revisions"}],"wp:featuredmedia":[{"embeddable":true,"href":"https:\/\/www2.comunitaria.com.br\/en\/wp-json\/wp\/v2\/media\/13321"}],"wp:attachment":[{"href":"https:\/\/www2.comunitaria.com.br\/en\/wp-json\/wp\/v2\/media?parent=13317"}],"wp:term":[{"taxonomy":"category","embeddable":true,"href":"https:\/\/www2.comunitaria.com.br\/en\/wp-json\/wp\/v2\/categories?post=13317"},{"taxonomy":"post_tag","embeddable":true,"href":"https:\/\/www2.comunitaria.com.br\/en\/wp-json\/wp\/v2\/tags?post=13317"}],"curies":[{"name":"wp","href":"https:\/\/api.w.org\/{rel}","templated":true}]}}