{"id":13305,"date":"2015-12-29T08:06:45","date_gmt":"2015-12-29T10:06:45","guid":{"rendered":"http:\/\/www2.comunitaria.com.br\/?p=13305"},"modified":"2015-12-29T08:06:45","modified_gmt":"2015-12-29T10:06:45","slug":"preso-suspeito-de-matar-comerciante-em-palmitinho","status":"publish","type":"post","link":"https:\/\/www2.comunitaria.com.br\/en\/preso-suspeito-de-matar-comerciante-em-palmitinho\/","title":{"rendered":"Preso suspeito de matar comerciante em Palmitinho"},"content":{"rendered":"<p style=\"text-align: justify;\">Foi preso na regi\u00e3o do Vale do Taquari na tarde desta segunda-feira, 28, um homem suspeito de <a href=\"http:\/\/www2.comunitaria.com.br\/en\/comerciante-e-morto-a-tiros-em-palmitinho\/\" target=\"_blank\">matar o dono de um bar<\/a> localizado na linha Esquina do Com\u00e9rcio, no interior de Palmitinho. O crime ocorreu na noite de 17 de dezembro, por d\u00edvidas que o acusado teria junto ao estabelecimento da v\u00edtima, Miguel de Vargas, 63 anos, que n\u00e3o resistiu ap\u00f3s ser atingido por pelo menos tr\u00eas disparos de arma de fogo.<\/p>\n<p style=\"text-align: justify;\">O homem procurado pelo homic\u00eddio foi detido em uma resid\u00eancia no bairro Teut\u00f4nia, em a\u00e7\u00e3o conjunta entre a Brigada Militar e a Pol\u00edcia Civil. Com ele, foi apreendido um rev\u00f3lver calibre 38 com cinco muni\u00e7\u00f5es. O suspeito deve ser encaminhado ao Pres\u00eddio Estadual de Lajeado.<\/p>\n<p style=\"text-align: justify;\"><strong>Cristiane Luza\/Folha do Noroeste<\/strong><\/p>","protected":false},"excerpt":{"rendered":"<p>Foi preso na regi\u00e3o do Vale do Taquari na tarde desta segunda-feira, 28, um homem suspeito de matar o dono de um bar localizado na linha Esquina do Com\u00e9rcio, no interior de Palmitinho. O crime ocorreu na noite de 17 de dezembro, por d\u00edvidas que o acusado teria junto ao estabelecimento da v\u00edtima, Miguel de<\/p>\n<div class=\"read-more-wrapper\"><a class=\"read-more\" href=\"https:\/\/www2.comunitaria.com.br\/en\/preso-suspeito-de-matar-comerciante-em-palmitinho\/\" title=\"Read More\"> <span class=\"button\">Read More<\/span><\/a><\/div>","protected":false},"author":2,"featured_media":13306,"comment_status":"open","ping_status":"closed","sticky":false,"template":"","format":"standard","meta":{"ngg_post_thumbnail":0,"footnotes":""},"categories":[33,36,43],"tags":[1872,643,191,177],"class_list":["post-13305","post","type-post","status-publish","format-standard","has-post-thumbnail","hentry","category-noticias","category-policia","category-regiao","tag-assassinato","tag-crime","tag-palmitinho","tag-policia-2"],"amp_enabled":true,"_links":{"self":[{"href":"https:\/\/www2.comunitaria.com.br\/en\/wp-json\/wp\/v2\/posts\/13305","targetHints":{"allow":["GET"]}}],"collection":[{"href":"https:\/\/www2.comunitaria.com.br\/en\/wp-json\/wp\/v2\/posts"}],"about":[{"href":"https:\/\/www2.comunitaria.com.br\/en\/wp-json\/wp\/v2\/types\/post"}],"author":[{"embeddable":true,"href":"https:\/\/www2.comunitaria.com.br\/en\/wp-json\/wp\/v2\/users\/2"}],"replies":[{"embeddable":true,"href":"https:\/\/www2.comunitaria.com.br\/en\/wp-json\/wp\/v2\/comments?post=13305"}],"version-history":[{"count":0,"href":"https:\/\/www2.comunitaria.com.br\/en\/wp-json\/wp\/v2\/posts\/13305\/revisions"}],"wp:featuredmedia":[{"embeddable":true,"href":"https:\/\/www2.comunitaria.com.br\/en\/wp-json\/wp\/v2\/media\/13306"}],"wp:attachment":[{"href":"https:\/\/www2.comunitaria.com.br\/en\/wp-json\/wp\/v2\/media?parent=13305"}],"wp:term":[{"taxonomy":"category","embeddable":true,"href":"https:\/\/www2.comunitaria.com.br\/en\/wp-json\/wp\/v2\/categories?post=13305"},{"taxonomy":"post_tag","embeddable":true,"href":"https:\/\/www2.comunitaria.com.br\/en\/wp-json\/wp\/v2\/tags?post=13305"}],"curies":[{"name":"wp","href":"https:\/\/api.w.org\/{rel}","templated":true}]}}