{"id":1327,"date":"2014-12-10T15:18:16","date_gmt":"2014-12-10T17:18:16","guid":{"rendered":"http:\/\/www2.comunitaria.com.br\/?p=1327"},"modified":"2014-12-10T15:21:46","modified_gmt":"2014-12-10T17:21:46","slug":"federacao-gaucha-altera-tabelas-de-jogos-do-gauchao","status":"publish","type":"post","link":"https:\/\/www2.comunitaria.com.br\/en\/federacao-gaucha-altera-tabelas-de-jogos-do-gauchao\/","title":{"rendered":"Federa\u00e7\u00e3o Ga\u00facha altera tabelas de jogos do Gauch\u00e3o"},"content":{"rendered":"<p style=\"text-align: justify;\">A FGF alterou a tabela de jogos\u00a0para n\u00e3o haver choque de datas com Libertadores e Copa do Brasil e tamb\u00e9m em virtude da TV. Assim, houve mudan\u00e7a geral nos jogos do Uni\u00e3o Frederiquense.<\/p>\n<p style=\"text-align: justify;\">Os hor\u00e1rios como o confronto em FW contra o Lajeadense (colocaram de forma equivocada 20h30) e alguns jogos que consta 17h aqui em FW, tamb\u00e9m ser\u00e1 antecipado.<\/p>\n<h4 style=\"text-align: justify;\">Confira a tabela atualizada<\/h4>\n<h4><a href=\"http:\/\/www2.comunitaria.com.br\/wp-content\/uploads\/2014\/12\/TABELA-CAMPEONATO-GA\u00daCHO-1\u00aa-DIVIS\u00c3O-GAUCH\u00c3O-2015.pdf\">TABELA &#8211; CAMPEONATO GA\u00daCHO &#8211; 1\u00aa DIVIS\u00c3O &#8211; GAUCH\u00c3O &#8211; 201<\/a>5<\/h4>","protected":false},"excerpt":{"rendered":"<p>A FGF alterou a tabela de jogos\u00a0para n\u00e3o haver choque de datas com Libertadores e Copa do Brasil e tamb\u00e9m em virtude da TV. Assim, houve mudan\u00e7a geral nos jogos do Uni\u00e3o Frederiquense. Os hor\u00e1rios como o confronto em FW contra o Lajeadense (colocaram de forma equivocada 20h30) e alguns jogos que consta 17h aqui<\/p>\n<div class=\"read-more-wrapper\"><a class=\"read-more\" href=\"https:\/\/www2.comunitaria.com.br\/en\/federacao-gaucha-altera-tabelas-de-jogos-do-gauchao\/\" title=\"Read More\"> <span class=\"button\">Read More<\/span><\/a><\/div>","protected":false},"author":2,"featured_media":1330,"comment_status":"open","ping_status":"closed","sticky":false,"template":"","format":"standard","meta":{"ngg_post_thumbnail":0,"footnotes":""},"categories":[34,33,48],"tags":[366,124,103,171],"class_list":["post-1327","post","type-post","status-publish","format-standard","has-post-thumbnail","hentry","category-esportes","category-noticias","category-uniao-frederiquense","tag-fgf","tag-gauchao-2015","tag-jogos","tag-uniao"],"amp_enabled":true,"_links":{"self":[{"href":"https:\/\/www2.comunitaria.com.br\/en\/wp-json\/wp\/v2\/posts\/1327","targetHints":{"allow":["GET"]}}],"collection":[{"href":"https:\/\/www2.comunitaria.com.br\/en\/wp-json\/wp\/v2\/posts"}],"about":[{"href":"https:\/\/www2.comunitaria.com.br\/en\/wp-json\/wp\/v2\/types\/post"}],"author":[{"embeddable":true,"href":"https:\/\/www2.comunitaria.com.br\/en\/wp-json\/wp\/v2\/users\/2"}],"replies":[{"embeddable":true,"href":"https:\/\/www2.comunitaria.com.br\/en\/wp-json\/wp\/v2\/comments?post=1327"}],"version-history":[{"count":0,"href":"https:\/\/www2.comunitaria.com.br\/en\/wp-json\/wp\/v2\/posts\/1327\/revisions"}],"wp:featuredmedia":[{"embeddable":true,"href":"https:\/\/www2.comunitaria.com.br\/en\/wp-json\/wp\/v2\/media\/1330"}],"wp:attachment":[{"href":"https:\/\/www2.comunitaria.com.br\/en\/wp-json\/wp\/v2\/media?parent=1327"}],"wp:term":[{"taxonomy":"category","embeddable":true,"href":"https:\/\/www2.comunitaria.com.br\/en\/wp-json\/wp\/v2\/categories?post=1327"},{"taxonomy":"post_tag","embeddable":true,"href":"https:\/\/www2.comunitaria.com.br\/en\/wp-json\/wp\/v2\/tags?post=1327"}],"curies":[{"name":"wp","href":"https:\/\/api.w.org\/{rel}","templated":true}]}}