{"id":1314,"date":"2014-12-10T10:51:59","date_gmt":"2014-12-10T12:51:59","guid":{"rendered":"http:\/\/www2.comunitaria.com.br\/?p=1314"},"modified":"2014-12-10T10:53:50","modified_gmt":"2014-12-10T12:53:50","slug":"caso-bernardo-testemunhas-prestam-depoimentos","status":"publish","type":"post","link":"https:\/\/www2.comunitaria.com.br\/en\/caso-bernardo-testemunhas-prestam-depoimentos\/","title":{"rendered":"Caso Bernardo: Testemunhas prestam depoimentos"},"content":{"rendered":"<p style=\"text-align: justify;\">Sete testemunhas do caso Bernardo devem ser ouvidas nesta quarta-feira, 10, no F\u00f3rum de Frederico Westphalen. Sendo seis indicadas pelo re\u00fa Evandro Wirganovicz e uma pelo advogado da irm\u00e3, Edelv\u00e2nia. A testemunha indicada pela r\u00e9 foi dispensada e n\u00e3o prestar\u00e1 depoimento.<\/p>\n<p style=\"text-align: justify;\">Depois de todas as testemunhas de defesa serem ouvidas, o juiz Marcos Lu\u00eds Agostini deve aguardar o recebimento das per\u00edcias ainda n\u00e3o conclu\u00eddas pelo Instituo Geral de Per\u00edcias (IGP). Em seguida, os quatro r\u00e9us ser\u00e3o interrogados em Tr\u00eas Passos e ent\u00e3o o juiz decidir\u00e1 se eles v\u00e3o a j\u00fari popular.<\/p>\n<p style=\"text-align: justify;\">Antes do in\u00edcio da audi\u00eancia, familiares e amigos de Evandro Wirganovicz protestaram em frente ao F\u00f3rum, pedindo pela liberdade do r\u00e9u.<\/p>\n<p style=\"text-align: justify;\"><em>A.U\/Let\u00edcia Waldow\u00a0\/Foto:\u00a0F\u00e1bio Pelinson<\/em><\/p>","protected":false},"excerpt":{"rendered":"<p>Sete testemunhas do caso Bernardo devem ser ouvidas nesta quarta-feira, 10, no F\u00f3rum de Frederico Westphalen. Sendo seis indicadas pelo re\u00fa Evandro Wirganovicz e uma pelo advogado da irm\u00e3, Edelv\u00e2nia. A testemunha indicada pela r\u00e9 foi dispensada e n\u00e3o prestar\u00e1 depoimento. Depois de todas as testemunhas de defesa serem ouvidas, o juiz Marcos Lu\u00eds Agostini<\/p>\n<div class=\"read-more-wrapper\"><a class=\"read-more\" href=\"https:\/\/www2.comunitaria.com.br\/en\/caso-bernardo-testemunhas-prestam-depoimentos\/\" title=\"Read More\"> <span class=\"button\">Read More<\/span><\/a><\/div>","protected":false},"author":2,"featured_media":1315,"comment_status":"open","ping_status":"closed","sticky":false,"template":"","format":"standard","meta":{"ngg_post_thumbnail":0,"footnotes":""},"categories":[33,36],"tags":[188,357,189,355,356],"class_list":["post-1314","post","type-post","status-publish","format-standard","has-post-thumbnail","hentry","category-noticias","category-policia","tag-bernardo","tag-depoimento","tag-edelvania","tag-evandro","tag-testemunhas"],"amp_enabled":true,"_links":{"self":[{"href":"https:\/\/www2.comunitaria.com.br\/en\/wp-json\/wp\/v2\/posts\/1314","targetHints":{"allow":["GET"]}}],"collection":[{"href":"https:\/\/www2.comunitaria.com.br\/en\/wp-json\/wp\/v2\/posts"}],"about":[{"href":"https:\/\/www2.comunitaria.com.br\/en\/wp-json\/wp\/v2\/types\/post"}],"author":[{"embeddable":true,"href":"https:\/\/www2.comunitaria.com.br\/en\/wp-json\/wp\/v2\/users\/2"}],"replies":[{"embeddable":true,"href":"https:\/\/www2.comunitaria.com.br\/en\/wp-json\/wp\/v2\/comments?post=1314"}],"version-history":[{"count":0,"href":"https:\/\/www2.comunitaria.com.br\/en\/wp-json\/wp\/v2\/posts\/1314\/revisions"}],"wp:featuredmedia":[{"embeddable":true,"href":"https:\/\/www2.comunitaria.com.br\/en\/wp-json\/wp\/v2\/media\/1315"}],"wp:attachment":[{"href":"https:\/\/www2.comunitaria.com.br\/en\/wp-json\/wp\/v2\/media?parent=1314"}],"wp:term":[{"taxonomy":"category","embeddable":true,"href":"https:\/\/www2.comunitaria.com.br\/en\/wp-json\/wp\/v2\/categories?post=1314"},{"taxonomy":"post_tag","embeddable":true,"href":"https:\/\/www2.comunitaria.com.br\/en\/wp-json\/wp\/v2\/tags?post=1314"}],"curies":[{"name":"wp","href":"https:\/\/api.w.org\/{rel}","templated":true}]}}