{"id":1306,"date":"2014-12-10T09:24:42","date_gmt":"2014-12-10T11:24:42","guid":{"rendered":"http:\/\/www2.comunitaria.com.br\/?p=1306"},"modified":"2014-12-10T09:24:42","modified_gmt":"2014-12-10T11:24:42","slug":"vereadores-de-fw-pedem-solucao-para-estacionamento-dos-onibus-nas-proximidades-da-uri","status":"publish","type":"post","link":"https:\/\/www2.comunitaria.com.br\/en\/vereadores-de-fw-pedem-solucao-para-estacionamento-dos-onibus-nas-proximidades-da-uri\/","title":{"rendered":"Vereadores de FW pedem solu\u00e7\u00e3o para estacionamento dos \u00f4nibus nas proximidades da URI"},"content":{"rendered":"<p style=\"text-align: justify;\">Os vereadores de Frederico Westphalen reuniram-se na noite dessa ter\u00e7a-feira, 9, para a realiza\u00e7\u00e3o de mais uma Sess\u00e3o Ordin\u00e1ria. Al\u00e9m da aprova\u00e7\u00e3o de dois novos projetos de autoria do Poder Executivo, destaque para o encaminhamento da Indica\u00e7\u00e3o N\u00ba 084\/2014, que disp\u00f5e sobre a necessidade de agilizar a organiza\u00e7\u00e3o do estacionamento para os \u00f4nibus nas proximidades da Universidade Regional Integrada (URI-FW) e Escola Estadual T\u00e9cnica Jos\u00e9 Ca\u00f1ellas.<\/p>\n<p style=\"text-align: justify;\">A indica\u00e7\u00e3o \u00e9 uma iniciativa do Presidente da C\u00e2mara de Vereadores de Frederico Westphalen que solicita ao Poder Executivo uma solu\u00e7\u00e3o para o problema. \u201cSabemos que j\u00e1 existe o compromisso por parte da Administra\u00e7\u00e3o Municipal de organizar um estacionamento para os \u00f4nibus, bem como um espa\u00e7o pr\u00e9-definido, nas proximidades da Rua Alagoas; pedimos que seja agilizada esta importante reivindica\u00e7\u00e3o que poderia trazer melhor mobilidade e disponibilizaria mais vagas para professores, funcion\u00e1rios e alunos\u201d, destacou.<\/p>\n<p style=\"text-align: justify;\">Conforme Junior Denti, a ideia de propor a indica\u00e7\u00e3o surgiu ap\u00f3s ouvir representantes das duas institui\u00e7\u00f5es de ensino que se mostraram preocupados com o fluxo de ve\u00edculos, sobretudo durante a noite. Ainda de acordo com o vereador, com o t\u00e9rmino do ano letivo, o per\u00edodo de f\u00e9rias representa a oportunidade de se agilizar o problema apontado na Indica\u00e7\u00e3o.<\/p>\n\n\t\t<style type=\"text\/css\">\n\t\t\t#gallery-1 {\n\t\t\t\tmargin: auto;\n\t\t\t}\n\t\t\t#gallery-1 .gallery-item {\n\t\t\t\tfloat: left;\n\t\t\t\tmargin-top: 10px;\n\t\t\t\ttext-align: center;\n\t\t\t\twidth: 33%;\n\t\t\t}\n\t\t\t#gallery-1 img {\n\t\t\t\tborder: 2px solid #cfcfcf;\n\t\t\t}\n\t\t\t#gallery-1 .gallery-caption {\n\t\t\t\tmargin-left: 0;\n\t\t\t}\n\t\t\t\/* see gallery_shortcode() in wp-includes\/media.php *\/\n\t\t<\/style>\n\t\t<div id='gallery-1' class='gallery galleryid-1306 gallery-columns-3 gallery-size-thumbnail'><dl class='gallery-item'>\n\t\t\t<dt class='gallery-icon landscape'>\n\t\t\t\t<a href='https:\/\/www2.comunitaria.com.br\/en\/vereadores-de-fw-pedem-solucao-para-estacionamento-dos-onibus-nas-proximidades-da-uri\/estacionamento-02-2\/'><img loading=\"lazy\" decoding=\"async\" width=\"150\" height=\"150\" src=\"https:\/\/www2.comunitaria.com.br\/wp-content\/uploads\/2014\/12\/Estacionamento-021-150x150.jpg\" class=\"attachment-thumbnail size-thumbnail\" alt=\"\" srcset=\"https:\/\/www2.comunitaria.com.br\/wp-content\/uploads\/2014\/12\/Estacionamento-021-150x150.jpg 150w, https:\/\/www2.comunitaria.com.br\/wp-content\/uploads\/2014\/12\/Estacionamento-021-65x65.jpg 65w\" sizes=\"auto, (max-width: 150px) 100vw, 150px\" \/><\/a>\n\t\t\t<\/dt><\/dl><dl class='gallery-item'>\n\t\t\t<dt class='gallery-icon landscape'>\n\t\t\t\t<a href='https:\/\/www2.comunitaria.com.br\/en\/vereadores-de-fw-pedem-solucao-para-estacionamento-dos-onibus-nas-proximidades-da-uri\/estacionamento-01\/'><img loading=\"lazy\" decoding=\"async\" width=\"150\" height=\"150\" src=\"https:\/\/www2.comunitaria.com.br\/wp-content\/uploads\/2014\/12\/Estacionamento-01-150x150.jpg\" class=\"attachment-thumbnail size-thumbnail\" alt=\"\" srcset=\"https:\/\/www2.comunitaria.com.br\/wp-content\/uploads\/2014\/12\/Estacionamento-01-150x150.jpg 150w, https:\/\/www2.comunitaria.com.br\/wp-content\/uploads\/2014\/12\/Estacionamento-01-65x65.jpg 65w\" sizes=\"auto, (max-width: 150px) 100vw, 150px\" \/><\/a>\n\t\t\t<\/dt><\/dl><dl class='gallery-item'>\n\t\t\t<dt class='gallery-icon landscape'>\n\t\t\t\t<a href='https:\/\/www2.comunitaria.com.br\/en\/vereadores-de-fw-pedem-solucao-para-estacionamento-dos-onibus-nas-proximidades-da-uri\/camara-10-12\/'><img loading=\"lazy\" decoding=\"async\" width=\"150\" height=\"150\" src=\"https:\/\/www2.comunitaria.com.br\/wp-content\/uploads\/2014\/12\/camara-10.12-150x150.jpg\" class=\"attachment-thumbnail size-thumbnail\" alt=\"\" srcset=\"https:\/\/www2.comunitaria.com.br\/wp-content\/uploads\/2014\/12\/camara-10.12-150x150.jpg 150w, https:\/\/www2.comunitaria.com.br\/wp-content\/uploads\/2014\/12\/camara-10.12-65x65.jpg 65w\" sizes=\"auto, (max-width: 150px) 100vw, 150px\" \/><\/a>\n\t\t\t<\/dt><\/dl><br style=\"clear: both\" \/>\n\t\t<\/div>\n\n<p style=\"text-align: justify;\">Tamb\u00e9m na Sess\u00e3o Ordin\u00e1ria dessa ter\u00e7a-feira, ocorreu a aprova\u00e7\u00e3o do Projeto de Lei N\u00ba 132\/2014 que autoriza a aliena\u00e7\u00e3o de bens m\u00f3veis, atrav\u00e9s de leil\u00e3o p\u00fablico, sendo 13 ve\u00edculos, uma motoniveladora, uma retroescavadeira e uma sucata de implemento agr\u00edcola; e do Projeto de Lei N\u00ba 133\/2014, que estima a receita or\u00e7ament\u00e1ria do munic\u00edpio de Frederico Westphalen para o exerc\u00edcio financeiro de 2015 em R$ 74.860.000,00.<\/p>\n<p style=\"text-align: justify;\">Al\u00e9m de oito novos projetos que seguiram para an\u00e1lise das comiss\u00f5es, outras tr\u00eas indica\u00e7\u00f5es foram encaminhadas ao Executivo Municipal, juntamente com tr\u00eas pedidos de informa\u00e7\u00f5es.<\/p>\n<p style=\"text-align: justify;\"><em>Indica\u00e7\u00f5es<\/em><\/p>\n<p style=\"text-align: justify;\">&#8211; Indica\u00e7\u00e3o N\u00ba 082\/2014 \u2013 indica a realiza\u00e7\u00e3o de campanha de conscientiza\u00e7\u00e3o e posterior fiscaliza\u00e7\u00e3o com aplica\u00e7\u00e3o de notifica\u00e7\u00f5es aos propriet\u00e1rios de terrenos que est\u00e3o em estado de abandono.<\/p>\n<p style=\"text-align: justify;\">&#8211; Indica\u00e7\u00e3o N\u00ba 083\/2014 \u2013 indica altera\u00e7\u00e3o do artigo 1\u00ba da Lei Municipal N\u00ba 3.670 de 9 de maio de 2011, que disp\u00f5e sobre a incorpora\u00e7\u00e3o de convoca\u00e7\u00e3o para diretores e vice-diretores de escolas, passando a contemplar com esta altera\u00e7\u00e3o tamb\u00e9m os docentes que exerceram cargos de professores e diretores em escolas multisseriadas, em regime de 20 horas, quando investidos na fun\u00e7\u00e3o de diretor em concomitante a de professor, conforme a gratifica\u00e7\u00e3o na Lei Municipal N\u00ba 2.690 de 11 de dezembro de 2002.<\/p>\n<p style=\"text-align: justify;\">&#8211; Indica\u00e7\u00e3o N\u00ba 085\/2014 \u2013 indica melhoria na Rua Leoveraldo Fortes.<\/p>\n<p style=\"text-align: justify;\"><em>Pedidos de Informa\u00e7\u00f5es<\/em><\/p>\n<p style=\"text-align: justify;\">&#8211; Pedido de Informa\u00e7\u00f5es N\u00ba 11\/2014 \u2013 relativo \u00e0 Lei 4.019 de 20 de mar\u00e7o de 2014 alterada pela Lei 4.057 de 11 de junho de 2014, que se refere ao sistema troca-troca de sementes de forrageiras, trigo e aveia.<\/p>\n<p style=\"text-align: justify;\">&#8211; Pedido de Informa\u00e7\u00f5es N\u00ba 12\/2014 \u2013 requer esclarecimentos quanto \u00e0 Lei 3.717 de 8 de setembro de 2011, que autorizou o Poder Executivo a conceder em uso gratuito, pelo prazo de vinte anos, \u00e0 Funda\u00e7\u00e3o Regional Integrada (FURI), o im\u00f3vel denominado Casa do Estudante, situado na Rua 7 de Setembro, mediante contrapartida que determina a concess\u00e3o de tr\u00eas bolsas de estudo no valor de 50% da mensalidade para alunos matriculados nos cursos que utilizar\u00e3o o espa\u00e7o cedido, cuja sele\u00e7\u00e3o se daria por crit\u00e9rios estabelecidos de comum acordo entre o Poder Executivo, a Universidade e a Uni\u00e3o Frederiquense de Estudantes.<\/p>\n<p style=\"text-align: justify;\">&#8211; Pedido de Informa\u00e7\u00f5es N\u00ba 13\/2014 \u2013 solicita esclarecimentos sobre a not\u00edcia divulgada atrav\u00e9s da imprensa local relativa ao asfaltamento da pista do aer\u00f3dromo do Aeroclube de Frederico Westphalen.<\/p>\n<p style=\"text-align: justify;\"><em>Projetos encaminhados para an\u00e1lise das comiss\u00f5es<\/em><\/p>\n<p style=\"text-align: justify;\">&#8211; Projeto de Lei N\u00ba 135\/2014 \u2013 altera reda\u00e7\u00e3o do art. 9\u00ba da Lei Municipal n\u00ba 4.023, de 2014, reda\u00e7\u00e3o dada pela Lei n\u00ba 4.065, com inser\u00e7\u00e3o de par\u00e1grafo \u00fanico que trata do Programa Municipal de Desenvolvimento da Agroind\u00fastria Familiar de Frederico Westphalen, o qual possibilita concess\u00e3o de empr\u00e9stimo incentivado a cada uma das agroind\u00fastrias do munic\u00edpio no valor de at\u00e9 R$ 10 mil reais, para amortiza\u00e7\u00e3o em 24 parcelas mensais consecutivas, sem juros e corre\u00e7\u00e3o monet\u00e1ria, com abate de 50% em cada parcela.<\/p>\n<p style=\"text-align: justify;\">&#8211; Projeto de Lei N\u00ba 136\/2014 \u2013 autoriza o Poder Executivo a celebrar conv\u00eanio de coopera\u00e7\u00e3o m\u00fatua com o Estado do Rio Grande do Sul, atrav\u00e9s da Coordenadoria Estadual de Prote\u00e7\u00e3o e Defesa Civil, visando a cess\u00e3o em uso de im\u00f3vel pertencente ao patrim\u00f4nio p\u00fablico municipal, compreendendo duas salas e um banheiro, com \u00e1rea total de 35,4 m\u00b2, localizada na Rua Marc\u00edlio Dias, n\u00ba 152, Centro, para a instala\u00e7\u00e3o da 13\u00aa Coordenadoria Regional de Prote\u00e7\u00e3o e Defesa Civil<\/p>\n<p style=\"text-align: justify;\">&#8211; Projeto de Lei N\u00ba 137\/2014 \u2013 disp\u00f5e sobre a ado\u00e7\u00e3o de pra\u00e7as, parques e \u00e1reas verdes no Munic\u00edpio, relativa ao projeto Adote uma Pra\u00e7a, instrumento utilizado com o objetivo de unir os esfor\u00e7os de atua\u00e7\u00e3o do Poder P\u00fablico, da iniciativa privada e dos grupos sociais organizados para a implanta\u00e7\u00e3o, melhor conserva\u00e7\u00e3o e manuten\u00e7\u00e3o das \u00e1reas verdes no munic\u00edpio; visa tamb\u00e9m promover um relacionamento mais estreito entre o Poder P\u00fablico, comunidade e empresa, atrav\u00e9s da ado\u00e7\u00e3o de \u00e1reas verdes, objetivando a melhoria da qualidade de vida da popula\u00e7\u00e3o.<\/p>\n<p style=\"text-align: justify;\">&#8211; Projeto de Lei N\u00ba 138\/2014 \u2013 institui tr\u00e2mite especial e simplificado para o processo de abertura, registro, altera\u00e7\u00e3o e baixa da microempresa e empresa de pequeno porte, reduzindo a zero todos os custos, inclusive pr\u00e9vios, relativos \u00e0 abertura, inscri\u00e7\u00e3o, registro, funcionamento, alvar\u00e1, licen\u00e7a, cadastro, altera\u00e7\u00f5es e procedimentos de baixa e encerramento de atividades inerentes ao Microempreendedor Individual, incluindo os valores referentes a taxas, a emolumentos e a demais contribui\u00e7\u00f5es relativas aos \u00f3rg\u00e3os de registro, de licenciamento, sindicais, de regulamenta\u00e7\u00e3o, de anota\u00e7\u00e3o de responsabilidade t\u00e9cnica, de vistoria e de fiscaliza\u00e7\u00e3o do exerc\u00edcio de profiss\u00f5es regulamentadas.<\/p>\n<p style=\"text-align: justify;\">&#8211; Projeto de Lei N\u00ba 139\/2014 \u2013 autoriza o Poder Executivo a prorrogar por at\u00e9 6 (seis) meses o contrato tempor\u00e1rio para a fun\u00e7\u00e3o de engenheiro, em n\u00famero de 01 (um), realizado mediante processo seletivo simplificado, em car\u00e1ter tempor\u00e1rio, emergencial e excepcional.<\/p>\n<p style=\"text-align: justify;\">&#8211; Projeto de Lei N\u00ba 140\/2014 \u2013 autoriza o Poder Executivo a celebrar conv\u00eanio com o Estado do Rio Grande do Sul, atrav\u00e9s da Secretaria da Educa\u00e7\u00e3o, a fim de manter vigente o Programa de Apoio ao Desenvolvimento do Ensino Estadual no Munic\u00edpio \u2013 PRADEM, com a contrata\u00e7\u00e3o de at\u00e9 16 VIGIAS, pelo prazo de 6 (seis) meses, prorrog\u00e1vel por igual per\u00edodo, mediante remunera\u00e7\u00e3o mensal de R$ 778,30.<\/p>\n<p style=\"text-align: justify;\">&#8211; Projeto de Lei N\u00ba 141\/2014 \u2013 autoriza a abertura, ao or\u00e7amento do Munic\u00edpio, de cr\u00e9ditos adicionais especiais e suplementares para atender despesas no \u00e2mbito da Secretaria Municipal da Sa\u00fade, e respectiva redu\u00e7\u00e3o de dota\u00e7\u00f5es or\u00e7ament\u00e1rias, sendo R$ 500 mil reais do or\u00e7amento destinado a C\u00e2mara Municipal de Vereadores e R$ 105.802,50 decorrente dos repasses do Fundo Nacional de Assist\u00eancia Social \u2013 FNAS.<\/p>\n<p style=\"text-align: justify;\">&#8211; Projeto de Lei N\u00ba 142\/2014 \u2013 autoriza o Poder Executivo do Munic\u00edpio de Frederico Westphalen, atrav\u00e9s do Programa Municipal de Apoio \u00e0 Habita\u00e7\u00e3o, a participar da implanta\u00e7\u00e3o do Loteamento Urbano denominado \u201cLOTEAMENTO FAR\u201d, destinado \u00e0 implanta\u00e7\u00e3o de unidades habitacionais, com recursos do Programa FAR &#8211; Fundo de Arrendamento Residencial, atrav\u00e9s da Caixa Econ\u00f4mica Federal, no \u00e2mbito do Programa Nacional de Habita\u00e7\u00e3o Urbana, PNHU, integrante do Programa \u201cMinha Casa Minha Vida\u201d; a participa\u00e7\u00e3o do Munic\u00edpio se dar\u00e1 atrav\u00e9s do custeio de despesas, at\u00e9 o limite de R$ 10 mil reais por lote, para a implanta\u00e7\u00e3o da infraestrutura no loteamento.<\/p>\n<p style=\"text-align: justify;\"><em>Fonte\/fotos: \u00a0Assessoria de Imprensa da C\u00e2mara de Vereadores de Frederico Westphalen<\/em><\/p>","protected":false},"excerpt":{"rendered":"<p>Os vereadores de Frederico Westphalen reuniram-se na noite dessa ter\u00e7a-feira, 9, para a realiza\u00e7\u00e3o de mais uma Sess\u00e3o Ordin\u00e1ria. Al\u00e9m da aprova\u00e7\u00e3o de dois novos projetos de autoria do Poder Executivo, destaque para o encaminhamento da Indica\u00e7\u00e3o N\u00ba 084\/2014, que disp\u00f5e sobre a necessidade de agilizar a organiza\u00e7\u00e3o do estacionamento para os \u00f4nibus nas proximidades<\/p>\n<div class=\"read-more-wrapper\"><a class=\"read-more\" href=\"https:\/\/www2.comunitaria.com.br\/en\/vereadores-de-fw-pedem-solucao-para-estacionamento-dos-onibus-nas-proximidades-da-uri\/\" title=\"Read More\"> <span class=\"button\">Read More<\/span><\/a><\/div>","protected":false},"author":2,"featured_media":1307,"comment_status":"open","ping_status":"closed","sticky":false,"template":"","format":"standard","meta":{"ngg_post_thumbnail":0,"footnotes":""},"categories":[42,28,33,38],"tags":[158,353,82,339,310,141],"class_list":["post-1306","post","type-post","status-publish","format-standard","has-post-thumbnail","hentry","category-fred-west","category-destaque","category-noticias","category-politica","tag-camara-de-vereadores","tag-estacionamento","tag-frederico-westphalen","tag-onibus","tag-sessao","tag-uri"],"amp_enabled":true,"_links":{"self":[{"href":"https:\/\/www2.comunitaria.com.br\/en\/wp-json\/wp\/v2\/posts\/1306","targetHints":{"allow":["GET"]}}],"collection":[{"href":"https:\/\/www2.comunitaria.com.br\/en\/wp-json\/wp\/v2\/posts"}],"about":[{"href":"https:\/\/www2.comunitaria.com.br\/en\/wp-json\/wp\/v2\/types\/post"}],"author":[{"embeddable":true,"href":"https:\/\/www2.comunitaria.com.br\/en\/wp-json\/wp\/v2\/users\/2"}],"replies":[{"embeddable":true,"href":"https:\/\/www2.comunitaria.com.br\/en\/wp-json\/wp\/v2\/comments?post=1306"}],"version-history":[{"count":0,"href":"https:\/\/www2.comunitaria.com.br\/en\/wp-json\/wp\/v2\/posts\/1306\/revisions"}],"wp:featuredmedia":[{"embeddable":true,"href":"https:\/\/www2.comunitaria.com.br\/en\/wp-json\/wp\/v2\/media\/1307"}],"wp:attachment":[{"href":"https:\/\/www2.comunitaria.com.br\/en\/wp-json\/wp\/v2\/media?parent=1306"}],"wp:term":[{"taxonomy":"category","embeddable":true,"href":"https:\/\/www2.comunitaria.com.br\/en\/wp-json\/wp\/v2\/categories?post=1306"},{"taxonomy":"post_tag","embeddable":true,"href":"https:\/\/www2.comunitaria.com.br\/en\/wp-json\/wp\/v2\/tags?post=1306"}],"curies":[{"name":"wp","href":"https:\/\/api.w.org\/{rel}","templated":true}]}}