{"id":1300,"date":"2014-12-09T15:59:13","date_gmt":"2014-12-09T17:59:13","guid":{"rendered":"http:\/\/www2.comunitaria.com.br\/?p=1300"},"modified":"2014-12-09T15:59:13","modified_gmt":"2014-12-09T17:59:13","slug":"operadoras-vao-cortar-acesso-a-internet-quando-franquia-do-cliente-acabar","status":"publish","type":"post","link":"https:\/\/www2.comunitaria.com.br\/en\/operadoras-vao-cortar-acesso-a-internet-quando-franquia-do-cliente-acabar\/","title":{"rendered":"Operadoras v\u00e3o cortar acesso \u00e0 internet quando franquia do cliente acabar"},"content":{"rendered":"<p>A partir desta ter\u00e7a, dia 9, os clientes da operadora Oi que usarem todo o pacote de internet m\u00f3vel que foi contratado ter\u00e3o o servi\u00e7o de navega\u00e7\u00e3o suspenso. A mudan\u00e7a vai valer para clientes dos planos pr\u00e9-pago e de controle da operadora.<\/p>\n<p>Quem quiser continuar com acesso \u00e0 internet dever\u00e1 recontratar o pacote de dados ou contratar um pacote adicional avulso. Outras operadoras tamb\u00e9m v\u00e3o adotar a mudan\u00e7a no sistema ainda neste ano.<\/p>\n<!--[if lt IE 9]><script>document.createElement('audio');<\/script><![endif]-->\n<audio class=\"wp-audio-shortcode\" id=\"audio-1300-1\" preload=\"none\" style=\"width: 100%;\" controls=\"controls\"><source type=\"audio\/mpeg\" src=\"http:\/\/www2.comunitaria.com.br\/wp-content\/uploads\/2014\/12\/INTERNET.mp3?_=1\" \/><a href=\"http:\/\/www2.comunitaria.com.br\/wp-content\/uploads\/2014\/12\/INTERNET.mp3\">http:\/\/www2.comunitaria.com.br\/wp-content\/uploads\/2014\/12\/INTERNET.mp3<\/a><\/audio>","protected":false},"excerpt":{"rendered":"<p>A partir desta ter\u00e7a, dia 9, os clientes da operadora Oi que usarem todo o pacote de internet m\u00f3vel que foi contratado ter\u00e3o o servi\u00e7o de navega\u00e7\u00e3o suspenso. A mudan\u00e7a vai valer para clientes dos planos pr\u00e9-pago e de controle da operadora. Quem quiser continuar com acesso \u00e0 internet dever\u00e1 recontratar o pacote de dados<\/p>\n<div class=\"read-more-wrapper\"><a class=\"read-more\" href=\"https:\/\/www2.comunitaria.com.br\/en\/operadoras-vao-cortar-acesso-a-internet-quando-franquia-do-cliente-acabar\/\" title=\"Read More\"> <span class=\"button\">Read More<\/span><\/a><\/div>","protected":false},"author":2,"featured_media":1302,"comment_status":"open","ping_status":"closed","sticky":false,"template":"","format":"standard","meta":{"ngg_post_thumbnail":0,"footnotes":""},"categories":[51,39,33],"tags":[90,89,91],"class_list":["post-1300","post","type-post","status-publish","format-standard","has-post-thumbnail","hentry","category-audio","category-economia","category-noticias","tag-celular","tag-franquia","tag-internet"],"amp_enabled":true,"_links":{"self":[{"href":"https:\/\/www2.comunitaria.com.br\/en\/wp-json\/wp\/v2\/posts\/1300","targetHints":{"allow":["GET"]}}],"collection":[{"href":"https:\/\/www2.comunitaria.com.br\/en\/wp-json\/wp\/v2\/posts"}],"about":[{"href":"https:\/\/www2.comunitaria.com.br\/en\/wp-json\/wp\/v2\/types\/post"}],"author":[{"embeddable":true,"href":"https:\/\/www2.comunitaria.com.br\/en\/wp-json\/wp\/v2\/users\/2"}],"replies":[{"embeddable":true,"href":"https:\/\/www2.comunitaria.com.br\/en\/wp-json\/wp\/v2\/comments?post=1300"}],"version-history":[{"count":0,"href":"https:\/\/www2.comunitaria.com.br\/en\/wp-json\/wp\/v2\/posts\/1300\/revisions"}],"wp:featuredmedia":[{"embeddable":true,"href":"https:\/\/www2.comunitaria.com.br\/en\/wp-json\/wp\/v2\/media\/1302"}],"wp:attachment":[{"href":"https:\/\/www2.comunitaria.com.br\/en\/wp-json\/wp\/v2\/media?parent=1300"}],"wp:term":[{"taxonomy":"category","embeddable":true,"href":"https:\/\/www2.comunitaria.com.br\/en\/wp-json\/wp\/v2\/categories?post=1300"},{"taxonomy":"post_tag","embeddable":true,"href":"https:\/\/www2.comunitaria.com.br\/en\/wp-json\/wp\/v2\/tags?post=1300"}],"curies":[{"name":"wp","href":"https:\/\/api.w.org\/{rel}","templated":true}]}}