{"id":12992,"date":"2015-12-22T13:56:43","date_gmt":"2015-12-22T15:56:43","guid":{"rendered":"http:\/\/www2.comunitaria.com.br\/?p=12992"},"modified":"2015-12-22T13:56:59","modified_gmt":"2015-12-22T15:56:59","slug":"apresentacao-da-orquestra-de-teutonia-acontece-hoje-em-irai","status":"publish","type":"post","link":"https:\/\/www2.comunitaria.com.br\/en\/apresentacao-da-orquestra-de-teutonia-acontece-hoje-em-irai\/","title":{"rendered":"Orquestra de Teut\u00f4nia se apresenta hoje em Ira\u00ed"},"content":{"rendered":"<p style=\"text-align: justify;\">Na noite desta ter\u00e7a-feira, 22, o Espa\u00e7o de Ira\u00ed de Arte e Cultura promovido pela Central \u00danica das Favelas de Frederico Westphalen, contar\u00e1 com a apresenta\u00e7\u00e3o da Orquestra de Teut\u00f4nia. No \u00faltimo s\u00e1bado, 19, o Grupo Tholl realizou seu espet\u00e1culo para milhares de pessoas de toda a regi\u00e3o.<\/p>\n<p style=\"text-align: justify;\">O evento inicia \u00e0s 20h na Pra\u00e7a da Matriz em Ira\u00ed,\u00a0com espa\u00e7o coberto, portanto, mesmo com mau tempo a apresenta\u00e7\u00e3o ser\u00e1 realizada.<\/p>\n<p style=\"text-align: justify;\">O Espa\u00e7o Ira\u00ed de Arte e Cultura \u00e9 uma realiza\u00e7\u00e3o da CUFA\/FW com patroc\u00ednio de Latic\u00ednios Frizzo, BR Supply e Arbaza Alimentos. Financiamento PR\u00d3-CULTURA RS e Secretaria de Estado da Cultura do Rio Grande do Sul.<\/p>\n<p style=\"text-align: justify;\"><strong>Foto: Divulga\u00e7\u00e3o<\/strong><\/p>","protected":false},"excerpt":{"rendered":"<p>Na noite desta ter\u00e7a-feira, 22, o Espa\u00e7o de Ira\u00ed de Arte e Cultura promovido pela Central \u00danica das Favelas de Frederico Westphalen, contar\u00e1 com a apresenta\u00e7\u00e3o da Orquestra de Teut\u00f4nia&#8230;.<\/p>","protected":false},"author":2,"featured_media":12993,"comment_status":"open","ping_status":"closed","sticky":false,"template":"","format":"standard","meta":{"ngg_post_thumbnail":0,"footnotes":""},"categories":[42,100,33,43,35],"tags":[204,1096,172,1159,2196,86,1165],"class_list":["post-12992","post","type-post","status-publish","format-standard","has-post-thumbnail","hentry","category-fred-west","category-musica","category-noticias","category-regiao","category-variedades","tag-cufa","tag-espaco-irai-de-arte-e-cultura","tag-irai","tag-musica","tag-osquestra-de-teutonia","tag-regiao-2","tag-variedades"],"amp_enabled":true,"_links":{"self":[{"href":"https:\/\/www2.comunitaria.com.br\/en\/wp-json\/wp\/v2\/posts\/12992","targetHints":{"allow":["GET"]}}],"collection":[{"href":"https:\/\/www2.comunitaria.com.br\/en\/wp-json\/wp\/v2\/posts"}],"about":[{"href":"https:\/\/www2.comunitaria.com.br\/en\/wp-json\/wp\/v2\/types\/post"}],"author":[{"embeddable":true,"href":"https:\/\/www2.comunitaria.com.br\/en\/wp-json\/wp\/v2\/users\/2"}],"replies":[{"embeddable":true,"href":"https:\/\/www2.comunitaria.com.br\/en\/wp-json\/wp\/v2\/comments?post=12992"}],"version-history":[{"count":0,"href":"https:\/\/www2.comunitaria.com.br\/en\/wp-json\/wp\/v2\/posts\/12992\/revisions"}],"wp:featuredmedia":[{"embeddable":true,"href":"https:\/\/www2.comunitaria.com.br\/en\/wp-json\/wp\/v2\/media\/12993"}],"wp:attachment":[{"href":"https:\/\/www2.comunitaria.com.br\/en\/wp-json\/wp\/v2\/media?parent=12992"}],"wp:term":[{"taxonomy":"category","embeddable":true,"href":"https:\/\/www2.comunitaria.com.br\/en\/wp-json\/wp\/v2\/categories?post=12992"},{"taxonomy":"post_tag","embeddable":true,"href":"https:\/\/www2.comunitaria.com.br\/en\/wp-json\/wp\/v2\/tags?post=12992"}],"curies":[{"name":"wp","href":"https:\/\/api.w.org\/{rel}","templated":true}]}}