{"id":12965,"date":"2015-12-21T14:32:08","date_gmt":"2015-12-21T16:32:08","guid":{"rendered":"http:\/\/www2.comunitaria.com.br\/?p=12965"},"modified":"2015-12-21T14:34:34","modified_gmt":"2015-12-21T16:34:34","slug":"menina-de-16-anos-desapareceu-no-municipio-de-derrubadas","status":"publish","type":"post","link":"https:\/\/www2.comunitaria.com.br\/en\/menina-de-16-anos-desapareceu-no-municipio-de-derrubadas\/","title":{"rendered":"Menina de 16 anos desapareceu no munic\u00edpio de Derrubadas"},"content":{"rendered":"<p style=\"text-align: justify;\">Elis Veridiane Cavalheiro Alves, do munic\u00edpio de Derrubadas, est\u00e1 desaparecida desde o s\u00e1bado dia 19. Ela saiu de casa por volta das 18h e n\u00e3o retornou. Elis tem 16 anos e vestia uma blusa rosa, bermuda cinza e sapatilha marrom.<\/p>\n<p style=\"text-align: justify;\">A Pol\u00edcia Civil de Tenente Portela solicita que qualquer informa\u00e7\u00e3o seja comunicada ao \u00f3rg\u00e3o da pol\u00edcia civil da regi\u00e3o ou para os familiares da desaparecida.<\/p>","protected":false},"excerpt":{"rendered":"<p>Elis Veridiane Cavalheiro Alves, do munic\u00edpio de Derrubadas, est\u00e1 desaparecida desde o s\u00e1bado dia 19. Ela saiu de casa por volta das 18h e n\u00e3o retornou. Elis tem 16 anos e vestia uma blusa rosa, bermuda cinza e sapatilha marrom. A Pol\u00edcia Civil de Tenente Portela solicita que qualquer informa\u00e7\u00e3o seja comunicada ao \u00f3rg\u00e3o da<\/p>\n<div class=\"read-more-wrapper\"><a class=\"read-more\" href=\"https:\/\/www2.comunitaria.com.br\/en\/menina-de-16-anos-desapareceu-no-municipio-de-derrubadas\/\" title=\"Read More\"> <span class=\"button\">Read More<\/span><\/a><\/div>","protected":false},"author":2,"featured_media":12966,"comment_status":"open","ping_status":"closed","sticky":false,"template":"","format":"standard","meta":{"ngg_post_thumbnail":0,"footnotes":""},"categories":[33,36,43],"tags":[2187,2186,177],"class_list":["post-12965","post","type-post","status-publish","format-standard","has-post-thumbnail","hentry","category-noticias","category-policia","category-regiao","tag-derrubadas","tag-desaparecimento","tag-policia-2"],"amp_enabled":true,"_links":{"self":[{"href":"https:\/\/www2.comunitaria.com.br\/en\/wp-json\/wp\/v2\/posts\/12965","targetHints":{"allow":["GET"]}}],"collection":[{"href":"https:\/\/www2.comunitaria.com.br\/en\/wp-json\/wp\/v2\/posts"}],"about":[{"href":"https:\/\/www2.comunitaria.com.br\/en\/wp-json\/wp\/v2\/types\/post"}],"author":[{"embeddable":true,"href":"https:\/\/www2.comunitaria.com.br\/en\/wp-json\/wp\/v2\/users\/2"}],"replies":[{"embeddable":true,"href":"https:\/\/www2.comunitaria.com.br\/en\/wp-json\/wp\/v2\/comments?post=12965"}],"version-history":[{"count":0,"href":"https:\/\/www2.comunitaria.com.br\/en\/wp-json\/wp\/v2\/posts\/12965\/revisions"}],"wp:featuredmedia":[{"embeddable":true,"href":"https:\/\/www2.comunitaria.com.br\/en\/wp-json\/wp\/v2\/media\/12966"}],"wp:attachment":[{"href":"https:\/\/www2.comunitaria.com.br\/en\/wp-json\/wp\/v2\/media?parent=12965"}],"wp:term":[{"taxonomy":"category","embeddable":true,"href":"https:\/\/www2.comunitaria.com.br\/en\/wp-json\/wp\/v2\/categories?post=12965"},{"taxonomy":"post_tag","embeddable":true,"href":"https:\/\/www2.comunitaria.com.br\/en\/wp-json\/wp\/v2\/tags?post=12965"}],"curies":[{"name":"wp","href":"https:\/\/api.w.org\/{rel}","templated":true}]}}