{"id":12696,"date":"2015-12-14T17:04:46","date_gmt":"2015-12-14T19:04:46","guid":{"rendered":"http:\/\/www2.comunitaria.com.br\/?p=12696"},"modified":"2015-12-15T06:35:42","modified_gmt":"2015-12-15T08:35:42","slug":"definidos-os-adversarios-do-uniao-na-divisao-de-acesso","status":"publish","type":"post","link":"https:\/\/www2.comunitaria.com.br\/en\/definidos-os-adversarios-do-uniao-na-divisao-de-acesso\/","title":{"rendered":"Definidos os advers\u00e1rios do Uni\u00e3o na divis\u00e3o de acesso"},"content":{"rendered":"<p>Na tarde de hoje, na sede da Federa\u00e7\u00e3o Ga\u00facha de Futebol, ocorreu o congresso t\u00e9cnico da Divis\u00e3o de Acesso de 2016.<\/p>\n<p>O Uni\u00e3o Frederiquense ficou alocado no grupo B, juntamente com Tupi, Santo \u00c2ngelo, S\u00e3o Luiz, Panambi, Caxias, Esportivo e Marau. A competi\u00e7\u00e3o inicia no dia 6 de mar\u00e7o, um domingo, e o Le\u00e3o da Colina estreia em Caxias do Sul, contra o Caxias. O primeiro jogo do Uni\u00e3o em casa ser\u00e1 na segunda rodada, diante do Tupi.<\/p>\n<p>Confira abaixo como ser\u00e1 o formato da competi\u00e7\u00e3o e a ordem dos jogos do Uni\u00e3o, ainda sem as datas confirmadas:<\/p>\n<p>GRUPO A: Pelotas, Guarani-VA, Santa Cruz, Avenida, Brasil-Fa, S\u00e3o Gabriel, Inter-SM e Riograndense.<\/p>\n<p>GRUPO B: Uni\u00e3o Frederiquense, Tupi, Santo \u00c2ngelo, S\u00e3o Luiz, Panambi, Caxias, Esportivo e Marau.<\/p>\n<p>JOGOS DO UNI\u00c3O<\/p>\n<p>Caxias x Uni\u00e3o Frederiquense<\/p>\n<p>Uni\u00e3o Frederiquense x Tupi<\/p>\n<p>Uni\u00e3o Frederiquense x Santo \u00c2ngelo<\/p>\n<p>Esportivo x Uni\u00e3o Frederiquense<\/p>\n<p>Uni\u00e3o Frederiquense x Panambi<\/p>\n<p>Uni\u00e3o Frederiquense x S\u00e3o Luiz<\/p>\n<p>Marau x Uni\u00e3o Frederiquense<\/p>\n<p>Uni\u00e3o Frederiquense x Marau<\/p>\n<p>S\u00e3o Luiz x Uni\u00e3o Frederiquense<\/p>\n<p>Panambi x Uni\u00e3o Frederiquense<\/p>\n<p>Uni\u00e3o Frederiquense x Esportivo<\/p>\n<p>Santo \u00c2ngelo x Uni\u00e3o Frederiquense<\/p>\n<p>Tupi x Uni\u00e3o Frederiquense<\/p>\n<p>Uni\u00e3o Frederiquense x Caxias<\/p>\n<p>F\u00d3RMULA:<\/p>\n<p>&#8211; PRIMEIRA FASE: Ser\u00e3o dois grupos com oito clubes, enfrentando-se em jogos de ida e volta, classificando-se os cinco melhores para a segunda fase.<\/p>\n<p>&#8211; SEGUNDA FASE: Os cinco clubes classificados jogam novamente dentro de seus grupos, tamb\u00e9m em turno e returno, e os dois melhores de cada grupo avan\u00e7am para o quadrangular final.<\/p>\n<p>&#8211; TERCEIRA FASE (Quadrangular final): Os quatro clubes finalistas se enfrentam em jogos de ida e volta e o clube que conquistar o maior n\u00famero de pontos ser\u00e1 o campe\u00e3o da Divis\u00e3o de Acesso, qualificando-se para o Gauch\u00e3o de 2017.<\/p>\n<p>O Uni\u00e3o Frederiquense foi representado no evento pelo Vice-Presidente de Futebol, Celson Luiz de Oliveira, pelo Vice-Presidente de Patrim\u00f4nio, Edison Cantarelli e pelo Gerente Administrativo, Marcio Bariviera.<\/p>\n<p><em>Uni\u00e3o Frederiquense<\/em><\/p>\n<p><a href=\"http:\/\/www2.comunitaria.com.br\/wp-content\/uploads\/2015\/12\/01-3.jpg\" rel=\"attachment wp-att-12702\"><img loading=\"lazy\" decoding=\"async\" src=\"http:\/\/www2.comunitaria.com.br\/wp-content\/uploads\/2015\/12\/01-3.jpg\" alt=\"01\" width=\"800\" height=\"600\" class=\"alignright size-full wp-image-12702\" srcset=\"https:\/\/www2.comunitaria.com.br\/wp-content\/uploads\/2015\/12\/01-3.jpg 800w, https:\/\/www2.comunitaria.com.br\/wp-content\/uploads\/2015\/12\/01-3-300x225.jpg 300w, https:\/\/www2.comunitaria.com.br\/wp-content\/uploads\/2015\/12\/01-3-768x576.jpg 768w\" sizes=\"auto, (max-width: 800px) 100vw, 800px\" \/><\/a><\/p>","protected":false},"excerpt":{"rendered":"<p>Na tarde de hoje, na sede da Federa\u00e7\u00e3o Ga\u00facha de Futebol, ocorreu o congresso t\u00e9cnico da Divis\u00e3o de Acesso de 2016. O Uni\u00e3o Frederiquense ficou alocado no grupo B, juntamente&#8230;<\/p>","protected":false},"author":2,"featured_media":12698,"comment_status":"open","ping_status":"closed","sticky":false,"template":"","format":"standard","meta":{"ngg_post_thumbnail":0,"footnotes":""},"categories":[34,46,33,48],"tags":[1263,465,230,688],"class_list":["post-12696","post","type-post","status-publish","format-standard","has-post-thumbnail","hentry","category-esportes","category-estado","category-noticias","category-uniao-frederiquense","tag-divisao-de-acesso","tag-esporte","tag-futebol","tag-uniao-frederiquense"],"amp_enabled":true,"_links":{"self":[{"href":"https:\/\/www2.comunitaria.com.br\/en\/wp-json\/wp\/v2\/posts\/12696","targetHints":{"allow":["GET"]}}],"collection":[{"href":"https:\/\/www2.comunitaria.com.br\/en\/wp-json\/wp\/v2\/posts"}],"about":[{"href":"https:\/\/www2.comunitaria.com.br\/en\/wp-json\/wp\/v2\/types\/post"}],"author":[{"embeddable":true,"href":"https:\/\/www2.comunitaria.com.br\/en\/wp-json\/wp\/v2\/users\/2"}],"replies":[{"embeddable":true,"href":"https:\/\/www2.comunitaria.com.br\/en\/wp-json\/wp\/v2\/comments?post=12696"}],"version-history":[{"count":0,"href":"https:\/\/www2.comunitaria.com.br\/en\/wp-json\/wp\/v2\/posts\/12696\/revisions"}],"wp:featuredmedia":[{"embeddable":true,"href":"https:\/\/www2.comunitaria.com.br\/en\/wp-json\/wp\/v2\/media\/12698"}],"wp:attachment":[{"href":"https:\/\/www2.comunitaria.com.br\/en\/wp-json\/wp\/v2\/media?parent=12696"}],"wp:term":[{"taxonomy":"category","embeddable":true,"href":"https:\/\/www2.comunitaria.com.br\/en\/wp-json\/wp\/v2\/categories?post=12696"},{"taxonomy":"post_tag","embeddable":true,"href":"https:\/\/www2.comunitaria.com.br\/en\/wp-json\/wp\/v2\/tags?post=12696"}],"curies":[{"name":"wp","href":"https:\/\/api.w.org\/{rel}","templated":true}]}}