{"id":12687,"date":"2015-12-14T14:46:01","date_gmt":"2015-12-14T16:46:01","guid":{"rendered":"http:\/\/www2.comunitaria.com.br\/?p=12687"},"modified":"2015-12-14T14:46:01","modified_gmt":"2015-12-14T16:46:01","slug":"menina-de-ametista-do-sul-teve-perna-amputada-apos-ingerir-larva-de-taturana","status":"publish","type":"post","link":"https:\/\/www2.comunitaria.com.br\/en\/menina-de-ametista-do-sul-teve-perna-amputada-apos-ingerir-larva-de-taturana\/","title":{"rendered":"Menina de Ametista do Sul teve perna amputada ap\u00f3s ingerir larva de taturana"},"content":{"rendered":"<div style=\"text-align: justify;\">Uma menina de 13 anos, moradora de Ametista do Sul, no noroeste do estado ga\u00facho, teve uma das pernas amputada ap\u00f3s ingerir uma larva de taturana. \u00a0Glenda da Silva Rodrigues, ingeriu a larva que estava dentro de uma amora. O incidente ocorreu na localidade de Barreirinho, interior do munic\u00edpio. O p\u00e9 da fruta fica em frente \u00e0 casa da av\u00f3 da menina e, segundo a crian\u00e7a, ela e seus tr\u00eas irm\u00e3os costumavam se alimentar das frutas frequentemente. \u00a0As outras crian\u00e7as t\u00eam idades de 11, 08 e 05 anos. Apenas Glenda passou mal.<\/div>\n<div style=\"text-align: justify;\"><\/div>\n<div style=\"text-align: justify;\">No final do m\u00eas de setembro, a menina teve que ser internada ap\u00f3s apresentar v\u00e1rios sintomas. Na \u00e9poca com 12 anos, a adolescente come\u00e7ou a sentir muita dor de cabe\u00e7a, na garganta, apresentava v\u00f4mitos e sentia fraqueza no corpo.<\/div>\n<div style=\"text-align: justify;\"><\/div>\n<div style=\"text-align: justify;\">Primeiramente, a m\u00e3e Cleni Prestes da Silva, 33 anos, encaminhou a filha ao Hospital S\u00e3o Gabriel. \u00a0Ap\u00f3s ser medicada, Glenda continuava com os mesmos sintomas e a situa\u00e7\u00e3o se agravou ainda mais. No dia 25 de setembro, a menina foi encaminhada as pressas ao Hospital S\u00e3o Vicente de Paulo, de Passo Fundo, em estado grave.<\/div>\n<div style=\"text-align: justify;\"><\/div>\n<div style=\"text-align: justify;\">De acordo com a m\u00e3e, logo que chegaram os m\u00e9dicos medicaram Glenda com um soro para combater o veneno da taturana. Amostras de frutas e taturanas encontradas na \u00e1rvore foram coletadas e encaminhadas a Passo Fundo para confirma\u00e7\u00e3o do caso.<\/div>\n<div style=\"text-align: justify;\"><\/div>\n<div style=\"text-align: justify;\">Mas a infec\u00e7\u00e3o j\u00e1 havia atingido todo o corpo da adolescente, que apresentava marcas escuras nos p\u00e9s, hemorragia e tinha dificuldade de respirar. Ap\u00f3s 17 dias internada em Passo Fundo, a situa\u00e7\u00e3o se agravou e a perna esquerda de Glenda teve que ser amputada devido a infec\u00e7\u00e3o. A menina ficou internada por mais de 45 dias em Passo Fundo.<\/div>\n<div style=\"text-align: justify;\"><\/div>\n<div style=\"text-align: justify;\">A fam\u00edlia, que morava em um garimpo no interior de Ametista do Sul, devido as condi\u00e7\u00f5es de localiza\u00e7\u00e3o, recebeu da prefeitura uma casa na cidade, facilitando o atendimento m\u00e9dico. Glenda est\u00e1 sendo acompanhada por profissionais do munic\u00edpio e indo a Passo Fundo semanalmente. Al\u00e9m de receber curativos todos os dias, psic\u00f3logos e fisioterapeutas tamb\u00e9m prestam atendimento.<\/div>\n<div style=\"text-align: justify;\"><\/div>\n<div style=\"text-align: justify;\">A m\u00e3e da menina diz que toda a fam\u00edlia sofreu com o caso, mas gra\u00e7as a Deus, as ora\u00e7\u00f5es de amigos, esfor\u00e7o dos m\u00e9dicos e enfermeiras, a filha est\u00e1 viva e melhorando a cada dia. Glenda e a m\u00e3e agradecem a todos que prestaram apoio. \u201cFoi uma experi\u00eancia e que isso possa servir de exemplo para as pessoas ficarem alertas\u201d, disse a m\u00e3e.<\/div>\n<p style=\"text-align: justify;\"><strong>Sonho:<\/strong><\/p>\n<div style=\"text-align: justify;\">Glenda estuda na Escola Municipal John Kennedy e, em 2016, ir\u00e1 cursar a 7\u00ba s\u00e9rie do ensino fundamental. Gremista apaixonada, o sonho da menina \u00e9 ser jogadora de futebol. Ela conta que \u00e9 f\u00e3 do jogador Luan, titular do Gr\u00eamio. Entre as brincadeiras preferidas est\u00e3o jogar bola e andar de bicicleta. Agora, o que mais ela quer \u00e9 conseguir a pr\u00f3tese para voltar a fazer o que fazia antes. A fam\u00edlia aguarda o fim do tratamento para encaminhar o processo da pr\u00f3tese.<\/div>\n<p style=\"text-align: justify;\"><strong>A\u00e7\u00e3o colorada:\u00a0<\/strong><\/p>\n<div style=\"text-align: justify;\">O Consulado do Internacional e a Associa\u00e7\u00e3o Colorada Ametistense realizaram, neste final de semana, a 3\u00ba Festa Colorada em Ametista do Sul. Mesmo sendo declaradamente gremista, os organizadores do evento promoveram uma a\u00e7\u00e3o a favor de Glenda.<\/div>\n<div style=\"text-align: justify;\"><\/div>\n<div style=\"text-align: justify;\">Camisas oficiais do Internacional foram arrecadas e leiloadas na noite do s\u00e1bado, 12. O valor arrecadado ser\u00e1 convertido em ajuda \u00e0 menina, pois a fam\u00edlia necessita. As pessoas que desejarem colaborar podem entrar em contato com a fam\u00edlia. \u00a0telefone da menina <a dir=\"ltr\" href=\"tel:55%209697-9045\">55 9697-9045<\/a><\/div>\n<p style=\"text-align: justify;\"><b>Josias Marques \/In Foco RS<\/b><\/p>","protected":false},"excerpt":{"rendered":"<p>Uma menina de 13 anos, moradora de Ametista do Sul, no noroeste do estado ga\u00facho, teve uma das pernas amputada ap\u00f3s ingerir uma larva de taturana. \u00a0Glenda da Silva Rodrigues,&#8230;<\/p>","protected":false},"author":2,"featured_media":12688,"comment_status":"open","ping_status":"closed","sticky":false,"template":"","format":"standard","meta":{"ngg_post_thumbnail":0,"footnotes":""},"categories":[33,43,37],"tags":[234,2143,175,1306],"class_list":["post-12687","post","type-post","status-publish","format-standard","has-post-thumbnail","hentry","category-noticias","category-regiao","category-saude","tag-ametista-do-sul","tag-historia-de-vida","tag-saude-2","tag-solidariedade"],"amp_enabled":true,"_links":{"self":[{"href":"https:\/\/www2.comunitaria.com.br\/en\/wp-json\/wp\/v2\/posts\/12687","targetHints":{"allow":["GET"]}}],"collection":[{"href":"https:\/\/www2.comunitaria.com.br\/en\/wp-json\/wp\/v2\/posts"}],"about":[{"href":"https:\/\/www2.comunitaria.com.br\/en\/wp-json\/wp\/v2\/types\/post"}],"author":[{"embeddable":true,"href":"https:\/\/www2.comunitaria.com.br\/en\/wp-json\/wp\/v2\/users\/2"}],"replies":[{"embeddable":true,"href":"https:\/\/www2.comunitaria.com.br\/en\/wp-json\/wp\/v2\/comments?post=12687"}],"version-history":[{"count":0,"href":"https:\/\/www2.comunitaria.com.br\/en\/wp-json\/wp\/v2\/posts\/12687\/revisions"}],"wp:featuredmedia":[{"embeddable":true,"href":"https:\/\/www2.comunitaria.com.br\/en\/wp-json\/wp\/v2\/media\/12688"}],"wp:attachment":[{"href":"https:\/\/www2.comunitaria.com.br\/en\/wp-json\/wp\/v2\/media?parent=12687"}],"wp:term":[{"taxonomy":"category","embeddable":true,"href":"https:\/\/www2.comunitaria.com.br\/en\/wp-json\/wp\/v2\/categories?post=12687"},{"taxonomy":"post_tag","embeddable":true,"href":"https:\/\/www2.comunitaria.com.br\/en\/wp-json\/wp\/v2\/tags?post=12687"}],"curies":[{"name":"wp","href":"https:\/\/api.w.org\/{rel}","templated":true}]}}