{"id":12668,"date":"2015-12-14T11:38:29","date_gmt":"2015-12-14T13:38:29","guid":{"rendered":"http:\/\/www2.comunitaria.com.br\/?p=12668"},"modified":"2015-12-14T11:38:29","modified_gmt":"2015-12-14T13:38:29","slug":"secretaria-municipal-da-saude-realiza-reuniao-emergencial-sobre-o-mosquito-aedes-aegypti","status":"publish","type":"post","link":"https:\/\/www2.comunitaria.com.br\/en\/secretaria-municipal-da-saude-realiza-reuniao-emergencial-sobre-o-mosquito-aedes-aegypti\/","title":{"rendered":"Secretaria Municipal da Sa\u00fade realiza reuni\u00e3o emergencial sobre o mosquito Aedes Aegypti"},"content":{"rendered":"<p style=\"text-align: justify;\">Durante a manh\u00e3 desta segunda-feira, 14, a Secretaria de Sa\u00fade de Frederico Westphalen realizou uma reuni\u00e3o considerada emergencial sobre o mosquito\u00a0Aedes Aegypti, transmissor de diversas doen\u00e7as.<\/p>\n<p style=\"text-align: justify;\">Na pauta principal estava o reajuste do plano de enfrentamento ao mosquito no munic\u00edpio. V\u00e1rias reuni\u00f5es foram realizadas a n\u00edvel municipal, estadual e federal a respeito dos recentes surtos do V\u00edrus Zika e a Febre Chikungunya, al\u00e9m da Dengue. A partir de orienta\u00e7\u00f5es, a Secretaria de Sa\u00fade de Frederico Westphalen, organizar\u00e1 um Comit\u00ea Gestor Intersetorial respons\u00e1vel pelas demandas do assunto. Outras a\u00e7\u00f5es ser\u00e3o realizadas, tais como:<\/p>\n<p style=\"text-align: justify;\">&#8211; Contrata\u00e7\u00e3o de mais agentes e renova\u00e7\u00e3o de contrato;<\/p>\n<p style=\"text-align: justify;\">&#8211; Integra\u00e7\u00e3o da aten\u00e7\u00e3o b\u00e1sica;<\/p>\n<p style=\"text-align: justify;\">&#8211; Notifica\u00e7\u00f5es \u00e0 propriet\u00e1rios de terrenos baldios para realizar limpeza, sujeito a multa caso haja\u00a0reincid\u00eancia;<\/p>\n<p style=\"text-align: justify;\">&#8211; Alertar e responsabilizar produtores de eventos \u00e0 cerca do lixo produzido e descartado de forma incorreta;<\/p>\n<p style=\"text-align: justify;\">&#8211; Aquisi\u00e7\u00e3o de telas para caixas d&#8217;\u00e1gua;<\/p>\n<p style=\"text-align: justify;\">&#8211; Esquematiza\u00e7\u00e3o\u00a0do\u00a0recolhimento de lixo para o fim de ano.<\/p>\n<p style=\"text-align: justify;\">A Secret\u00e1ria Municipal de Sa\u00fade, Marly Vendr\u00fascolo, destaca a import\u00e2ncia da reuni\u00e3o:<\/p>\n<!--[if lt IE 9]><script>document.createElement('audio');<\/script><![endif]-->\n<audio class=\"wp-audio-shortcode\" id=\"audio-12668-1\" preload=\"none\" style=\"width: 100%;\" controls=\"controls\"><source type=\"audio\/mpeg\" src=\"http:\/\/www2.comunitaria.com.br\/wp-content\/uploads\/2015\/12\/Marly-01.mp3?_=1\" \/><a href=\"http:\/\/www2.comunitaria.com.br\/wp-content\/uploads\/2015\/12\/Marly-01.mp3\">http:\/\/www2.comunitaria.com.br\/wp-content\/uploads\/2015\/12\/Marly-01.mp3<\/a><\/audio>\n<p style=\"text-align: justify;\">\n<p style=\"text-align: justify;\">Marly ainda ressalta sobre o papel da popula\u00e7\u00e3o \u00e0 respeito da preven\u00e7\u00e3o ao mosquito transmissor de doen\u00e7as:<\/p>\n<audio class=\"wp-audio-shortcode\" id=\"audio-12668-2\" preload=\"none\" style=\"width: 100%;\" controls=\"controls\"><source type=\"audio\/mpeg\" src=\"http:\/\/www2.comunitaria.com.br\/wp-content\/uploads\/2015\/12\/Marly-02.mp3?_=2\" \/><a href=\"http:\/\/www2.comunitaria.com.br\/wp-content\/uploads\/2015\/12\/Marly-02.mp3\">http:\/\/www2.comunitaria.com.br\/wp-content\/uploads\/2015\/12\/Marly-02.mp3<\/a><\/audio>\n<p>&nbsp;<\/p>\n<p style=\"text-align: justify;\">\n<p style=\"text-align: justify;\">O Zika V\u00edrus e a Febre\u00a0Chikungunya foram abordados com mais profundidade durante a reuni\u00e3o, especialistas alertaram sobre os sintomas e consequ\u00eancias das doen\u00e7as, al\u00e9m de\u00a0ressaltar a import\u00e2ncia de\u00a0redobrar a preven\u00e7\u00e3o.<\/p>\n<p style=\"text-align: justify;\">Ap\u00f3s o t\u00e9rmino das exposi\u00e7\u00f5es, foi aberto espa\u00e7o para que o p\u00fablico presente realizasse perguntas e sugest\u00f5es.<\/p>\n<p style=\"text-align: justify;\">","protected":false},"excerpt":{"rendered":"<p>Durante a manh\u00e3 desta segunda-feira, 14, a Secretaria de Sa\u00fade de Frederico Westphalen realizou uma reuni\u00e3o considerada emergencial sobre o mosquito\u00a0Aedes Aegypti, transmissor de diversas doen\u00e7as. Na pauta principal estava o reajuste do plano de enfrentamento ao mosquito no munic\u00edpio. V\u00e1rias reuni\u00f5es foram realizadas a n\u00edvel municipal, estadual e federal a respeito dos recentes surtos<\/p>\n<div class=\"read-more-wrapper\"><a class=\"read-more\" href=\"https:\/\/www2.comunitaria.com.br\/en\/secretaria-municipal-da-saude-realiza-reuniao-emergencial-sobre-o-mosquito-aedes-aegypti\/\" title=\"Read More\"> <span class=\"button\">Read More<\/span><\/a><\/div>","protected":false},"author":2,"featured_media":12671,"comment_status":"open","ping_status":"closed","sticky":false,"template":"","format":"standard","meta":{"ngg_post_thumbnail":0,"footnotes":""},"categories":[42,28,33,43,37],"tags":[2133,2137,2138,257,175,1738,2087],"class_list":["post-12668","post","type-post","status-publish","format-standard","has-post-thumbnail","hentry","category-fred-west","category-destaque","category-noticias","category-regiao","category-saude","tag-aedes-aegypti","tag-febre-chikungunya","tag-mosquito-da-dengue","tag-reuniao","tag-saude-2","tag-secretaria-da-saude","tag-zika-virus"],"amp_enabled":true,"_links":{"self":[{"href":"https:\/\/www2.comunitaria.com.br\/en\/wp-json\/wp\/v2\/posts\/12668","targetHints":{"allow":["GET"]}}],"collection":[{"href":"https:\/\/www2.comunitaria.com.br\/en\/wp-json\/wp\/v2\/posts"}],"about":[{"href":"https:\/\/www2.comunitaria.com.br\/en\/wp-json\/wp\/v2\/types\/post"}],"author":[{"embeddable":true,"href":"https:\/\/www2.comunitaria.com.br\/en\/wp-json\/wp\/v2\/users\/2"}],"replies":[{"embeddable":true,"href":"https:\/\/www2.comunitaria.com.br\/en\/wp-json\/wp\/v2\/comments?post=12668"}],"version-history":[{"count":0,"href":"https:\/\/www2.comunitaria.com.br\/en\/wp-json\/wp\/v2\/posts\/12668\/revisions"}],"wp:featuredmedia":[{"embeddable":true,"href":"https:\/\/www2.comunitaria.com.br\/en\/wp-json\/wp\/v2\/media\/12671"}],"wp:attachment":[{"href":"https:\/\/www2.comunitaria.com.br\/en\/wp-json\/wp\/v2\/media?parent=12668"}],"wp:term":[{"taxonomy":"category","embeddable":true,"href":"https:\/\/www2.comunitaria.com.br\/en\/wp-json\/wp\/v2\/categories?post=12668"},{"taxonomy":"post_tag","embeddable":true,"href":"https:\/\/www2.comunitaria.com.br\/en\/wp-json\/wp\/v2\/tags?post=12668"}],"curies":[{"name":"wp","href":"https:\/\/api.w.org\/{rel}","templated":true}]}}