{"id":12344,"date":"2015-12-09T08:36:47","date_gmt":"2015-12-09T10:36:47","guid":{"rendered":"http:\/\/www2.comunitaria.com.br\/?p=12344"},"modified":"2015-12-09T08:36:47","modified_gmt":"2015-12-09T10:36:47","slug":"rio-grande-do-sul-tera-nono-digito-nos-celulares-em-2016","status":"publish","type":"post","link":"https:\/\/www2.comunitaria.com.br\/en\/rio-grande-do-sul-tera-nono-digito-nos-celulares-em-2016\/","title":{"rendered":"Rio Grande do Sul ter\u00e1 nono d\u00edgito nos celulares em 2016"},"content":{"rendered":"<p style=\"text-align: justify;\">A Ag\u00eancia Nacional de Telecomunica\u00e7\u00f5es (Anatel) publicou aviso\u00a0ontem, 8 de dezembro,\u00a0no Di\u00e1rio Oficial da Uni\u00e3o, para informar que os c\u00f3digos de acesso do Servi\u00e7o M\u00f3vel\u00a0Pessoal de algumas \u00e1reas ser\u00e3o alterados no ano que vem com o acr\u00e9scimo\u00a0do n\u00famero 9 \u00e0 esquerda dos atuais n\u00fameros. No Rio Grande do Sul,\u00a0as \u00e1reas de registro 51,53, 54 e 55 ganhar\u00e3o o nono d\u00edgito a partir de 6 de novembro de 2016. Na mesma data, as \u00e1reas de registro 41 a 49 (Paran\u00e1 e Santa Catarina) tamb\u00e9m sofrer\u00e3o a mudan\u00e7a.<\/p>\n<p style=\"text-align: justify;\">As \u00e1reas de registro 61 a 69 (Acre, Goi\u00e1s, Mato Grosso, Mato Grosso do Sul, Rond\u00f4nia, Tocantins e do Distrito Federal) ganhar\u00e3o o nono d\u00edgito a partir de 29 de\u00a0maio de 2016.<\/p>\n<p style=\"text-align: justify;\">De acordo com a Anatel, a partir dessas datas, as liga\u00e7\u00f5es marcadas com oito d\u00edgitos ainda ser\u00e3o completadas por um tempo determinado, para adapta\u00e7\u00e3o das redes e usu\u00e1rios. Depois,\u00a0gradualmente, haver\u00e1 intercepta\u00e7\u00f5es e os usu\u00e1rios receber\u00e3o mensagens com\u00a0orienta\u00e7\u00f5es sobre o novo n\u00famero.<\/p>\n<p style=\"text-align: justify;\"><strong>Correio do Povo<\/strong><\/p>","protected":false},"excerpt":{"rendered":"<p>A Ag\u00eancia Nacional de Telecomunica\u00e7\u00f5es (Anatel) publicou aviso\u00a0ontem, 8 de dezembro,\u00a0no Di\u00e1rio Oficial da Uni\u00e3o, para informar que os c\u00f3digos de acesso do Servi\u00e7o M\u00f3vel\u00a0Pessoal de algumas \u00e1reas ser\u00e3o alterados no ano que vem com o acr\u00e9scimo\u00a0do n\u00famero 9 \u00e0 esquerda dos atuais n\u00fameros. No Rio Grande do Sul,\u00a0as \u00e1reas de registro 51,53, 54 e<\/p>\n<div class=\"read-more-wrapper\"><a class=\"read-more\" href=\"https:\/\/www2.comunitaria.com.br\/en\/rio-grande-do-sul-tera-nono-digito-nos-celulares-em-2016\/\" title=\"Read More\"> <span class=\"button\">Read More<\/span><\/a><\/div>","protected":false},"author":2,"featured_media":12345,"comment_status":"open","ping_status":"closed","sticky":false,"template":"","format":"standard","meta":{"ngg_post_thumbnail":0,"footnotes":""},"categories":[47,46,33,35],"tags":[1743,1926,90,519,1165],"class_list":["post-12344","post","type-post","status-publish","format-standard","has-post-thumbnail","hentry","category-brasil","category-estado","category-noticias","category-variedades","tag-anatel","tag-brasil","tag-celular","tag-estado-2","tag-variedades"],"amp_enabled":true,"_links":{"self":[{"href":"https:\/\/www2.comunitaria.com.br\/en\/wp-json\/wp\/v2\/posts\/12344","targetHints":{"allow":["GET"]}}],"collection":[{"href":"https:\/\/www2.comunitaria.com.br\/en\/wp-json\/wp\/v2\/posts"}],"about":[{"href":"https:\/\/www2.comunitaria.com.br\/en\/wp-json\/wp\/v2\/types\/post"}],"author":[{"embeddable":true,"href":"https:\/\/www2.comunitaria.com.br\/en\/wp-json\/wp\/v2\/users\/2"}],"replies":[{"embeddable":true,"href":"https:\/\/www2.comunitaria.com.br\/en\/wp-json\/wp\/v2\/comments?post=12344"}],"version-history":[{"count":0,"href":"https:\/\/www2.comunitaria.com.br\/en\/wp-json\/wp\/v2\/posts\/12344\/revisions"}],"wp:featuredmedia":[{"embeddable":true,"href":"https:\/\/www2.comunitaria.com.br\/en\/wp-json\/wp\/v2\/media\/12345"}],"wp:attachment":[{"href":"https:\/\/www2.comunitaria.com.br\/en\/wp-json\/wp\/v2\/media?parent=12344"}],"wp:term":[{"taxonomy":"category","embeddable":true,"href":"https:\/\/www2.comunitaria.com.br\/en\/wp-json\/wp\/v2\/categories?post=12344"},{"taxonomy":"post_tag","embeddable":true,"href":"https:\/\/www2.comunitaria.com.br\/en\/wp-json\/wp\/v2\/tags?post=12344"}],"curies":[{"name":"wp","href":"https:\/\/api.w.org\/{rel}","templated":true}]}}