{"id":12183,"date":"2015-12-07T09:20:12","date_gmt":"2015-12-07T11:20:12","guid":{"rendered":"http:\/\/www2.comunitaria.com.br\/?p=12183"},"modified":"2015-12-07T09:20:12","modified_gmt":"2015-12-07T11:20:12","slug":"campeonato-municipal-de-bochas-realiza-jantar-de-premiacao","status":"publish","type":"post","link":"https:\/\/www2.comunitaria.com.br\/en\/campeonato-municipal-de-bochas-realiza-jantar-de-premiacao\/","title":{"rendered":"Campeonato Municipal de Bochas realiza Jantar de Premia\u00e7\u00e3o"},"content":{"rendered":"<p style=\"text-align: justify;\">No \u00faltimo s\u00e1bado, 5 de dezembro, ocorreu o Jantar de Premia\u00e7\u00e3o dos vencedores do Campeonato Municipal de Bochas, no\u00a0gin\u00e1sio da Associa\u00e7\u00e3o de Pais e Amigos dos Excepcionais (APAE). Foram cinco as categorias competidas, sendo premiados os quatro primeiros lugares de cada categoria.<\/p>\n<p style=\"text-align: justify;\">\u201cA Administra\u00e7\u00e3o Municipal e a Secretaria Municipal de Esporte, Juventude e Lazer estar\u00e1 sempre presente, dando apoio a este esporte. Esperamos que voc\u00eas boch\u00f3filos e a Associa\u00e7\u00e3o Municipal de Bochas permane\u00e7am unidos a fim de que este esporte cres\u00e7a cada vez mais&#8221;, comentou o Secret\u00e1rio Municipal de Esporte, Vanderlei Colle durante seu pronunciamento.<\/p>\n<p style=\"text-align: justify;\">Ap\u00f3s a premia\u00e7\u00e3o, foi eleito o novo presidente da Associa\u00e7\u00e3o Municipal de Bochas para o ano de 2016. Vilson Girardi foi o escolhido, com 13 votos. \u201c\u00c9 uma satisfa\u00e7\u00e3o muito grande estar aqui mais uma vez como presidente da Comiss\u00e3o de Bochas de Frederico Westphalen do ano de 2016. Quero agradecer a todos os clubes que confiaram mais uma vez na minha pessoa. Trabalhei 14 anos como presidente na Associa\u00e7\u00e3o e hoje estou voltando porque gosto da bocha, e gosto desta fam\u00edlia de boch\u00f3filos de Frederico Westphalen. Acho que com o meu trabalho, e com a ajuda de cada um de voc\u00eas, n\u00f3s vamos continuar este trabalho que come\u00e7amos h\u00e1 25 anos atr\u00e1s\u201d, relatou o novo Presidente da Associa\u00e7\u00e3o Municipal de Bochas, Vilson Girardi.<\/p>\n<p style=\"text-align: justify;\">Confira os vencedores do Campeonato Municipal de Bochas 2015:<\/p>\n<p style=\"text-align: justify;\"><strong>Categoria Casal<\/strong><\/p>\n<p style=\"text-align: justify;\"><strong>1\u00ba Lugar \u2013 <\/strong>Silvano e Silvana Grassi<\/p>\n<p style=\"text-align: justify;\"><strong>2\u00ba Lugar \u2013 <\/strong>S\u00e9rgio e Sirlei<\/p>\n<p style=\"text-align: justify;\"><strong>3\u00ba Lugar \u2013 <\/strong>Silvio e Paula<\/p>\n<p style=\"text-align: justify;\"><strong>4\u00ba Lugar \u2013 <\/strong>Darci e Titas<\/p>\n<p style=\"text-align: justify;\"><strong>\u00a0<\/strong><\/p>\n<p style=\"text-align: justify;\"><strong>Categoria Duplas Feminino<\/strong><\/p>\n<p style=\"text-align: justify;\"><strong>1\u00ba Lugar \u2013 <\/strong>Jane e Elenir<\/p>\n<p style=\"text-align: justify;\"><strong>2\u00ba Lugar \u2013 <\/strong>Paula e Rosane<\/p>\n<p style=\"text-align: justify;\"><strong>3\u00ba Lugar \u2013 <\/strong>Magali e Lourdes<\/p>\n<p style=\"text-align: justify;\"><strong>4\u00ba Lugar \u2013 <\/strong>Silvana e Leoni<\/p>\n<p style=\"text-align: justify;\"><strong>\u00a0<\/strong><\/p>\n<p style=\"text-align: justify;\"><strong>Categoria Individual Masculino<\/strong><\/p>\n<p style=\"text-align: justify;\"><strong>1\u00ba Lugar \u2013 <\/strong>Paulo Piovesan<\/p>\n<p style=\"text-align: justify;\"><strong>2\u00ba Lugar \u2013 <\/strong>Neri Pereira<\/p>\n<p style=\"text-align: justify;\"><strong>3\u00ba Lugar \u2013 <\/strong>Valdeline da Luz<\/p>\n<p style=\"text-align: justify;\"><strong>4\u00ba Lugar \u2013 <\/strong>Aldocir<\/p>\n<p style=\"text-align: justify;\"><strong>\u00a0<\/strong><\/p>\n<p style=\"text-align: justify;\"><strong>Categoria Duplas entre Firmas<\/strong><\/p>\n<p style=\"text-align: justify;\"><strong>1\u00ba Lugar \u2013 <\/strong>Mercado Peretto<\/p>\n<p style=\"text-align: justify;\"><strong>2\u00ba Lugar \u2013 <\/strong>Cometa \u201cA\u201d<\/p>\n<p style=\"text-align: justify;\"><strong>3\u00ba Lugar \u2013 <\/strong>Star Gar\u00e7ons<\/p>\n<p style=\"text-align: justify;\"><strong>4\u00ba Lugar \u2013 <\/strong>Vilinha<\/p>\n<p style=\"text-align: justify;\"><strong>\u00a0<\/strong><\/p>\n<p style=\"text-align: justify;\"><strong>Categoria For\u00e7a Livre<\/strong><\/p>\n<p style=\"text-align: justify;\"><strong>1\u00ba Lugar \u2013 <\/strong>Corsan<\/p>\n<p style=\"text-align: justify;\"><strong>2\u00ba Lugar \u2013 <\/strong>Barril<\/p>\n<p style=\"text-align: justify;\"><strong>3\u00ba Lugar \u2013 <\/strong>Associa\u00e7\u00e3o Bairro F\u00e1tima<\/p>\n<p style=\"text-align: justify;\"><strong>4\u00ba Lugar \u2013 <\/strong>Clube Campestre<\/p>\n<p style=\"text-align: justify;\">\n\n\t\t<style type=\"text\/css\">\n\t\t\t#gallery-1 {\n\t\t\t\tmargin: auto;\n\t\t\t}\n\t\t\t#gallery-1 .gallery-item {\n\t\t\t\tfloat: left;\n\t\t\t\tmargin-top: 10px;\n\t\t\t\ttext-align: center;\n\t\t\t\twidth: 33%;\n\t\t\t}\n\t\t\t#gallery-1 img {\n\t\t\t\tborder: 2px solid #cfcfcf;\n\t\t\t}\n\t\t\t#gallery-1 .gallery-caption {\n\t\t\t\tmargin-left: 0;\n\t\t\t}\n\t\t\t\/* see gallery_shortcode() in wp-includes\/media.php *\/\n\t\t<\/style>\n\t\t<div id='gallery-1' class='gallery galleryid-12183 gallery-columns-3 gallery-size-thumbnail'><dl class='gallery-item'>\n\t\t\t<dt class='gallery-icon landscape'>\n\t\t\t\t<a href='https:\/\/www2.comunitaria.com.br\/en\/campeonato-municipal-de-bochas-realiza-jantar-de-premiacao\/dsc_0302-3\/'><img loading=\"lazy\" decoding=\"async\" width=\"150\" height=\"150\" src=\"https:\/\/www2.comunitaria.com.br\/wp-content\/uploads\/2015\/12\/DSC_0302-150x150.jpg\" class=\"attachment-thumbnail size-thumbnail\" alt=\"\" aria-describedby=\"gallery-1-12184\" srcset=\"https:\/\/www2.comunitaria.com.br\/wp-content\/uploads\/2015\/12\/DSC_0302-150x150.jpg 150w, https:\/\/www2.comunitaria.com.br\/wp-content\/uploads\/2015\/12\/DSC_0302-65x65.jpg 65w\" sizes=\"auto, (max-width: 150px) 100vw, 150px\" \/><\/a>\n\t\t\t<\/dt>\n\t\t\t\t<dd class='wp-caption-text gallery-caption' id='gallery-1-12184'>\n\t\t\t\tFoto: ASCOM &#8211; Prefeitura Frederico Westphalen\n\t\t\t\t<\/dd><\/dl><dl class='gallery-item'>\n\t\t\t<dt class='gallery-icon landscape'>\n\t\t\t\t<a href='https:\/\/www2.comunitaria.com.br\/en\/campeonato-municipal-de-bochas-realiza-jantar-de-premiacao\/dsc_0315-4\/'><img loading=\"lazy\" decoding=\"async\" width=\"150\" height=\"150\" src=\"https:\/\/www2.comunitaria.com.br\/wp-content\/uploads\/2015\/12\/DSC_0315-150x150.jpg\" class=\"attachment-thumbnail size-thumbnail\" alt=\"\" aria-describedby=\"gallery-1-12185\" srcset=\"https:\/\/www2.comunitaria.com.br\/wp-content\/uploads\/2015\/12\/DSC_0315-150x150.jpg 150w, https:\/\/www2.comunitaria.com.br\/wp-content\/uploads\/2015\/12\/DSC_0315-65x65.jpg 65w\" sizes=\"auto, (max-width: 150px) 100vw, 150px\" \/><\/a>\n\t\t\t<\/dt>\n\t\t\t\t<dd class='wp-caption-text gallery-caption' id='gallery-1-12185'>\n\t\t\t\tFoto: ASCOM &#8211; Prefeitura Frederico Westphalen\n\t\t\t\t<\/dd><\/dl><dl class='gallery-item'>\n\t\t\t<dt class='gallery-icon landscape'>\n\t\t\t\t<a href='https:\/\/www2.comunitaria.com.br\/en\/campeonato-municipal-de-bochas-realiza-jantar-de-premiacao\/dsc_0396-2\/'><img loading=\"lazy\" decoding=\"async\" width=\"150\" height=\"150\" src=\"https:\/\/www2.comunitaria.com.br\/wp-content\/uploads\/2015\/12\/DSC_0396-150x150.jpg\" class=\"attachment-thumbnail size-thumbnail\" alt=\"\" aria-describedby=\"gallery-1-12186\" srcset=\"https:\/\/www2.comunitaria.com.br\/wp-content\/uploads\/2015\/12\/DSC_0396-150x150.jpg 150w, https:\/\/www2.comunitaria.com.br\/wp-content\/uploads\/2015\/12\/DSC_0396-65x65.jpg 65w\" sizes=\"auto, (max-width: 150px) 100vw, 150px\" \/><\/a>\n\t\t\t<\/dt>\n\t\t\t\t<dd class='wp-caption-text gallery-caption' id='gallery-1-12186'>\n\t\t\t\tFoto: ASCOM &#8211; Prefeitura Frederico Westphalen\n\t\t\t\t<\/dd><\/dl><br style=\"clear: both\" \/><dl class='gallery-item'>\n\t\t\t<dt class='gallery-icon portrait'>\n\t\t\t\t<a href='https:\/\/www2.comunitaria.com.br\/en\/campeonato-municipal-de-bochas-realiza-jantar-de-premiacao\/dsc_0404\/'><img loading=\"lazy\" decoding=\"async\" width=\"150\" height=\"150\" src=\"https:\/\/www2.comunitaria.com.br\/wp-content\/uploads\/2015\/12\/DSC_0404-150x150.jpg\" class=\"attachment-thumbnail size-thumbnail\" alt=\"\" aria-describedby=\"gallery-1-12187\" srcset=\"https:\/\/www2.comunitaria.com.br\/wp-content\/uploads\/2015\/12\/DSC_0404-150x150.jpg 150w, https:\/\/www2.comunitaria.com.br\/wp-content\/uploads\/2015\/12\/DSC_0404-65x65.jpg 65w\" sizes=\"auto, (max-width: 150px) 100vw, 150px\" \/><\/a>\n\t\t\t<\/dt>\n\t\t\t\t<dd class='wp-caption-text gallery-caption' id='gallery-1-12187'>\n\t\t\t\tFoto: ASCOM &#8211; Prefeitura Frederico Westphalen\n\t\t\t\t<\/dd><\/dl>\n\t\t\t<br style='clear: both' \/>\n\t\t<\/div>\n\n<p style=\"text-align: justify;\"><strong>ASCOM &#8211; Prefeitura Frederico Westphalen<\/strong><\/p>","protected":false},"excerpt":{"rendered":"<p>No \u00faltimo s\u00e1bado, 5 de dezembro, ocorreu o Jantar de Premia\u00e7\u00e3o dos vencedores do Campeonato Municipal de Bochas, no\u00a0gin\u00e1sio da Associa\u00e7\u00e3o de Pais e Amigos dos Excepcionais (APAE). Foram cinco as categorias competidas, sendo premiados os quatro primeiros lugares de cada categoria. \u201cA Administra\u00e7\u00e3o Municipal e a Secretaria Municipal de Esporte, Juventude e Lazer estar\u00e1<\/p>\n<div class=\"read-more-wrapper\"><a class=\"read-more\" href=\"https:\/\/www2.comunitaria.com.br\/en\/campeonato-municipal-de-bochas-realiza-jantar-de-premiacao\/\" title=\"Read More\"> <span class=\"button\">Read More<\/span><\/a><\/div>","protected":false},"author":2,"featured_media":12186,"comment_status":"open","ping_status":"closed","sticky":false,"template":"","format":"standard","meta":{"ngg_post_thumbnail":0,"footnotes":""},"categories":[50,34,42,33,35],"tags":[2090,2091,465,348,2092],"class_list":["post-12183","post","type-post","status-publish","format-standard","has-post-thumbnail","hentry","category-campeonatos-locais","category-esportes","category-fred-west","category-noticias","category-variedades","tag-bocha","tag-campeonato-municipal-de-bocha","tag-esporte","tag-premiacao","tag-variedade"],"amp_enabled":true,"_links":{"self":[{"href":"https:\/\/www2.comunitaria.com.br\/en\/wp-json\/wp\/v2\/posts\/12183","targetHints":{"allow":["GET"]}}],"collection":[{"href":"https:\/\/www2.comunitaria.com.br\/en\/wp-json\/wp\/v2\/posts"}],"about":[{"href":"https:\/\/www2.comunitaria.com.br\/en\/wp-json\/wp\/v2\/types\/post"}],"author":[{"embeddable":true,"href":"https:\/\/www2.comunitaria.com.br\/en\/wp-json\/wp\/v2\/users\/2"}],"replies":[{"embeddable":true,"href":"https:\/\/www2.comunitaria.com.br\/en\/wp-json\/wp\/v2\/comments?post=12183"}],"version-history":[{"count":0,"href":"https:\/\/www2.comunitaria.com.br\/en\/wp-json\/wp\/v2\/posts\/12183\/revisions"}],"wp:featuredmedia":[{"embeddable":true,"href":"https:\/\/www2.comunitaria.com.br\/en\/wp-json\/wp\/v2\/media\/12186"}],"wp:attachment":[{"href":"https:\/\/www2.comunitaria.com.br\/en\/wp-json\/wp\/v2\/media?parent=12183"}],"wp:term":[{"taxonomy":"category","embeddable":true,"href":"https:\/\/www2.comunitaria.com.br\/en\/wp-json\/wp\/v2\/categories?post=12183"},{"taxonomy":"post_tag","embeddable":true,"href":"https:\/\/www2.comunitaria.com.br\/en\/wp-json\/wp\/v2\/tags?post=12183"}],"curies":[{"name":"wp","href":"https:\/\/api.w.org\/{rel}","templated":true}]}}