{"id":12007,"date":"2015-12-05T20:03:56","date_gmt":"2015-12-05T22:03:56","guid":{"rendered":"http:\/\/www2.comunitaria.com.br\/?p=12007"},"modified":"2015-12-05T20:03:56","modified_gmt":"2015-12-05T22:03:56","slug":"iff-e-uergs-promovem-recolhimento-de-lixo-eletronico-em-fw","status":"publish","type":"post","link":"https:\/\/www2.comunitaria.com.br\/en\/iff-e-uergs-promovem-recolhimento-de-lixo-eletronico-em-fw\/","title":{"rendered":"IFF e UERGS promovem recolhimento de lixo eletr\u00f4nico em FW"},"content":{"rendered":"<p style=\"text-align: justify;\">Com o objetivo de dar ao lixo o seu destino correto, o Instituto Federal Farroupilha (IFF\/FW) e a Universidade Estadual do Rio Grande do Sul (UERGS\/FW), realizaram neste s\u00e1bado uma campanha de recolhimento de lixo eletr\u00f4nico.<\/p>\n<p style=\"text-align: justify;\">A coleta foi realizada em tr\u00eas pontos da cidade, na Escola Estadual Edegar Marques de Mattos, na Pra\u00e7a da Matriz e no Gin\u00e1sio Municipal do Bairro S\u00e3o Francisco de Paula.<\/p>\n<p style=\"text-align: justify;\">A campanha \u00e9 uma\u00a0atividade em parceria entre a UERGS (curso de Administra\u00e7\u00e3o P\u00fablica) e o Instituto Farroupilha (turma de Inform\u00e1tica) com apoio da NATUSOMOS e da Secretaria Municipal do Meio Ambiente. Paulo Groff,\u00a0professor da\u00a0UERGS, fala sobre essa parceria com o IFF.<\/p>\n<audio class=\"wp-audio-shortcode\" id=\"audio-12007-1\" preload=\"none\" style=\"width: 100%;\" controls=\"controls\"><source type=\"audio\/mpeg\" src=\"http:\/\/www2.comunitaria.com.br\/wp-content\/uploads\/2015\/12\/Paulo.mp3?_=1\" \/><a href=\"http:\/\/www2.comunitaria.com.br\/wp-content\/uploads\/2015\/12\/Paulo.mp3\">http:\/\/www2.comunitaria.com.br\/wp-content\/uploads\/2015\/12\/Paulo.mp3<\/a><\/audio>\n<p style=\"text-align: justify;\">Foram recolhidos materiais como televisores, r\u00e1dios, computadores, impressoras, entre outros.<\/p>\n\n\t\t<style>\n\t\t\t#gallery-1 {\n\t\t\t\tmargin: auto;\n\t\t\t}\n\t\t\t#gallery-1 .gallery-item {\n\t\t\t\tfloat: left;\n\t\t\t\tmargin-top: 10px;\n\t\t\t\ttext-align: center;\n\t\t\t\twidth: 25%;\n\t\t\t}\n\t\t\t#gallery-1 img {\n\t\t\t\tborder: 2px solid #cfcfcf;\n\t\t\t}\n\t\t\t#gallery-1 .gallery-caption {\n\t\t\t\tmargin-left: 0;\n\t\t\t}\n\t\t\t\/* see gallery_shortcode() in wp-includes\/media.php *\/\n\t\t<\/style>\n\t\t<div id='gallery-1' class='gallery galleryid-12007 gallery-columns-4 gallery-size-thumbnail'><dl class='gallery-item'>\n\t\t\t<dt class='gallery-icon landscape'>\n\t\t\t\t<a href='https:\/\/www2.comunitaria.com.br\/en\/iff-e-uergs-promovem-recolhimento-de-lixo-eletronico-em-fw\/dsc_0003-8\/'><img loading=\"lazy\" decoding=\"async\" width=\"150\" height=\"150\" src=\"https:\/\/www2.comunitaria.com.br\/wp-content\/uploads\/2015\/12\/DSC_0003-150x150.jpg\" class=\"attachment-thumbnail size-thumbnail\" alt=\"\" aria-describedby=\"gallery-1-12020\" srcset=\"https:\/\/www2.comunitaria.com.br\/wp-content\/uploads\/2015\/12\/DSC_0003-150x150.jpg 150w, https:\/\/www2.comunitaria.com.br\/wp-content\/uploads\/2015\/12\/DSC_0003-65x65.jpg 65w\" sizes=\"auto, (max-width: 150px) 100vw, 150px\" \/><\/a>\n\t\t\t<\/dt>\n\t\t\t\t<dd class='wp-caption-text gallery-caption' id='gallery-1-12020'>\n\t\t\t\tFoto: Eduarda Wilhelm\/R\u00e1dio Comunit\u00e1ria\n\t\t\t\t<\/dd><\/dl><dl class='gallery-item'>\n\t\t\t<dt class='gallery-icon landscape'>\n\t\t\t\t<a href='https:\/\/www2.comunitaria.com.br\/en\/iff-e-uergs-promovem-recolhimento-de-lixo-eletronico-em-fw\/dsc_0006-11\/'><img loading=\"lazy\" decoding=\"async\" width=\"150\" height=\"150\" src=\"https:\/\/www2.comunitaria.com.br\/wp-content\/uploads\/2015\/12\/DSC_0006-150x150.jpg\" class=\"attachment-thumbnail size-thumbnail\" alt=\"\" aria-describedby=\"gallery-1-12021\" srcset=\"https:\/\/www2.comunitaria.com.br\/wp-content\/uploads\/2015\/12\/DSC_0006-150x150.jpg 150w, https:\/\/www2.comunitaria.com.br\/wp-content\/uploads\/2015\/12\/DSC_0006-65x65.jpg 65w\" sizes=\"auto, (max-width: 150px) 100vw, 150px\" \/><\/a>\n\t\t\t<\/dt>\n\t\t\t\t<dd class='wp-caption-text gallery-caption' id='gallery-1-12021'>\n\t\t\t\tFoto: Eduarda Wilhelm\/R\u00e1dio Comunit\u00e1ria\n\t\t\t\t<\/dd><\/dl><dl class='gallery-item'>\n\t\t\t<dt class='gallery-icon landscape'>\n\t\t\t\t<a href='https:\/\/www2.comunitaria.com.br\/en\/iff-e-uergs-promovem-recolhimento-de-lixo-eletronico-em-fw\/dsc_0014-8\/'><img loading=\"lazy\" decoding=\"async\" width=\"150\" height=\"150\" src=\"https:\/\/www2.comunitaria.com.br\/wp-content\/uploads\/2015\/12\/DSC_0014-150x150.jpg\" class=\"attachment-thumbnail size-thumbnail\" alt=\"\" aria-describedby=\"gallery-1-12022\" srcset=\"https:\/\/www2.comunitaria.com.br\/wp-content\/uploads\/2015\/12\/DSC_0014-150x150.jpg 150w, https:\/\/www2.comunitaria.com.br\/wp-content\/uploads\/2015\/12\/DSC_0014-65x65.jpg 65w\" sizes=\"auto, (max-width: 150px) 100vw, 150px\" \/><\/a>\n\t\t\t<\/dt>\n\t\t\t\t<dd class='wp-caption-text gallery-caption' id='gallery-1-12022'>\n\t\t\t\tFoto: Eduarda Wilhelm\/R\u00e1dio Comunit\u00e1ria\n\t\t\t\t<\/dd><\/dl><dl class='gallery-item'>\n\t\t\t<dt class='gallery-icon landscape'>\n\t\t\t\t<a href='https:\/\/www2.comunitaria.com.br\/en\/iff-e-uergs-promovem-recolhimento-de-lixo-eletronico-em-fw\/dsc_0020-11\/'><img loading=\"lazy\" decoding=\"async\" width=\"150\" height=\"150\" src=\"https:\/\/www2.comunitaria.com.br\/wp-content\/uploads\/2015\/12\/DSC_0020-150x150.jpg\" class=\"attachment-thumbnail size-thumbnail\" alt=\"\" aria-describedby=\"gallery-1-12023\" srcset=\"https:\/\/www2.comunitaria.com.br\/wp-content\/uploads\/2015\/12\/DSC_0020-150x150.jpg 150w, https:\/\/www2.comunitaria.com.br\/wp-content\/uploads\/2015\/12\/DSC_0020-65x65.jpg 65w\" sizes=\"auto, (max-width: 150px) 100vw, 150px\" \/><\/a>\n\t\t\t<\/dt>\n\t\t\t\t<dd class='wp-caption-text gallery-caption' id='gallery-1-12023'>\n\t\t\t\tFoto: Eduarda Wilhelm\/R\u00e1dio Comunit\u00e1ria\n\t\t\t\t<\/dd><\/dl><br style=\"clear: both\" \/><dl class='gallery-item'>\n\t\t\t<dt class='gallery-icon landscape'>\n\t\t\t\t<a href='https:\/\/www2.comunitaria.com.br\/en\/iff-e-uergs-promovem-recolhimento-de-lixo-eletronico-em-fw\/dsc_0025-12\/'><img loading=\"lazy\" decoding=\"async\" width=\"150\" height=\"150\" src=\"https:\/\/www2.comunitaria.com.br\/wp-content\/uploads\/2015\/12\/DSC_0025-150x150.jpg\" class=\"attachment-thumbnail size-thumbnail\" alt=\"\" aria-describedby=\"gallery-1-12025\" srcset=\"https:\/\/www2.comunitaria.com.br\/wp-content\/uploads\/2015\/12\/DSC_0025-150x150.jpg 150w, https:\/\/www2.comunitaria.com.br\/wp-content\/uploads\/2015\/12\/DSC_0025-65x65.jpg 65w\" sizes=\"auto, (max-width: 150px) 100vw, 150px\" \/><\/a>\n\t\t\t<\/dt>\n\t\t\t\t<dd class='wp-caption-text gallery-caption' id='gallery-1-12025'>\n\t\t\t\tFoto: Eduarda Wilhelm\/R\u00e1dio Comunit\u00e1ria\n\t\t\t\t<\/dd><\/dl><dl class='gallery-item'>\n\t\t\t<dt class='gallery-icon landscape'>\n\t\t\t\t<a href='https:\/\/www2.comunitaria.com.br\/en\/iff-e-uergs-promovem-recolhimento-de-lixo-eletronico-em-fw\/dsc_0029-12\/'><img loading=\"lazy\" decoding=\"async\" width=\"150\" height=\"150\" src=\"https:\/\/www2.comunitaria.com.br\/wp-content\/uploads\/2015\/12\/DSC_00291-150x150.jpg\" class=\"attachment-thumbnail size-thumbnail\" alt=\"\" aria-describedby=\"gallery-1-12026\" srcset=\"https:\/\/www2.comunitaria.com.br\/wp-content\/uploads\/2015\/12\/DSC_00291-150x150.jpg 150w, https:\/\/www2.comunitaria.com.br\/wp-content\/uploads\/2015\/12\/DSC_00291-65x65.jpg 65w\" sizes=\"auto, (max-width: 150px) 100vw, 150px\" \/><\/a>\n\t\t\t<\/dt>\n\t\t\t\t<dd class='wp-caption-text gallery-caption' id='gallery-1-12026'>\n\t\t\t\tFoto: Eduarda Wilhelm\/R\u00e1dio Comunit\u00e1ria\n\t\t\t\t<\/dd><\/dl><dl class='gallery-item'>\n\t\t\t<dt class='gallery-icon landscape'>\n\t\t\t\t<a href='https:\/\/www2.comunitaria.com.br\/en\/iff-e-uergs-promovem-recolhimento-de-lixo-eletronico-em-fw\/dsc_0032-14\/'><img loading=\"lazy\" decoding=\"async\" width=\"150\" height=\"150\" src=\"https:\/\/www2.comunitaria.com.br\/wp-content\/uploads\/2015\/12\/DSC_00321-150x150.jpg\" class=\"attachment-thumbnail size-thumbnail\" alt=\"\" aria-describedby=\"gallery-1-12027\" srcset=\"https:\/\/www2.comunitaria.com.br\/wp-content\/uploads\/2015\/12\/DSC_00321-150x150.jpg 150w, https:\/\/www2.comunitaria.com.br\/wp-content\/uploads\/2015\/12\/DSC_00321-65x65.jpg 65w\" sizes=\"auto, (max-width: 150px) 100vw, 150px\" \/><\/a>\n\t\t\t<\/dt>\n\t\t\t\t<dd class='wp-caption-text gallery-caption' id='gallery-1-12027'>\n\t\t\t\tFoto: Eduarda Wilhelm\/R\u00e1dio Comunit\u00e1ria\n\t\t\t\t<\/dd><\/dl><dl class='gallery-item'>\n\t\t\t<dt class='gallery-icon landscape'>\n\t\t\t\t<a href='https:\/\/www2.comunitaria.com.br\/en\/iff-e-uergs-promovem-recolhimento-de-lixo-eletronico-em-fw\/dsc_0047-10\/'><img loading=\"lazy\" decoding=\"async\" width=\"150\" height=\"150\" src=\"https:\/\/www2.comunitaria.com.br\/wp-content\/uploads\/2015\/12\/DSC_0047-150x150.jpg\" class=\"attachment-thumbnail size-thumbnail\" alt=\"\" aria-describedby=\"gallery-1-12028\" srcset=\"https:\/\/www2.comunitaria.com.br\/wp-content\/uploads\/2015\/12\/DSC_0047-150x150.jpg 150w, https:\/\/www2.comunitaria.com.br\/wp-content\/uploads\/2015\/12\/DSC_0047-65x65.jpg 65w\" sizes=\"auto, (max-width: 150px) 100vw, 150px\" \/><\/a>\n\t\t\t<\/dt>\n\t\t\t\t<dd class='wp-caption-text gallery-caption' id='gallery-1-12028'>\n\t\t\t\tFoto: Eduarda Wilhelm\/R\u00e1dio Comunit\u00e1ria\n\t\t\t\t<\/dd><\/dl><br style=\"clear: both\" \/>\n\t\t<\/div>","protected":false},"excerpt":{"rendered":"<p>Com o objetivo de dar ao lixo o seu destino correto, o Instituto Federal Farroupilha (IFF\/FW) e a Universidade Estadual do Rio Grande do Sul (UERGS\/FW), realizaram neste s\u00e1bado uma&#8230;<\/p>","protected":false},"author":2,"featured_media":12024,"comment_status":"open","ping_status":"closed","sticky":false,"template":"","format":"standard","meta":{"ngg_post_thumbnail":0,"footnotes":""},"categories":[51,42,28,33],"tags":[60,82,551,1028,126],"class_list":["post-12007","post","type-post","status-publish","format-standard","has-post-thumbnail","hentry","category-audio","category-fred-west","category-destaque","category-noticias","tag-campanha","tag-frederico-westphalen","tag-iff","tag-lixo-eletronico","tag-uergs"],"amp_enabled":true,"_links":{"self":[{"href":"https:\/\/www2.comunitaria.com.br\/en\/wp-json\/wp\/v2\/posts\/12007","targetHints":{"allow":["GET"]}}],"collection":[{"href":"https:\/\/www2.comunitaria.com.br\/en\/wp-json\/wp\/v2\/posts"}],"about":[{"href":"https:\/\/www2.comunitaria.com.br\/en\/wp-json\/wp\/v2\/types\/post"}],"author":[{"embeddable":true,"href":"https:\/\/www2.comunitaria.com.br\/en\/wp-json\/wp\/v2\/users\/2"}],"replies":[{"embeddable":true,"href":"https:\/\/www2.comunitaria.com.br\/en\/wp-json\/wp\/v2\/comments?post=12007"}],"version-history":[{"count":0,"href":"https:\/\/www2.comunitaria.com.br\/en\/wp-json\/wp\/v2\/posts\/12007\/revisions"}],"wp:featuredmedia":[{"embeddable":true,"href":"https:\/\/www2.comunitaria.com.br\/en\/wp-json\/wp\/v2\/media\/12024"}],"wp:attachment":[{"href":"https:\/\/www2.comunitaria.com.br\/en\/wp-json\/wp\/v2\/media?parent=12007"}],"wp:term":[{"taxonomy":"category","embeddable":true,"href":"https:\/\/www2.comunitaria.com.br\/en\/wp-json\/wp\/v2\/categories?post=12007"},{"taxonomy":"post_tag","embeddable":true,"href":"https:\/\/www2.comunitaria.com.br\/en\/wp-json\/wp\/v2\/tags?post=12007"}],"curies":[{"name":"wp","href":"https:\/\/api.w.org\/{rel}","templated":true}]}}