{"id":11903,"date":"2015-12-02T17:58:48","date_gmt":"2015-12-02T19:58:48","guid":{"rendered":"http:\/\/www2.comunitaria.com.br\/?p=11903"},"modified":"2015-12-02T17:58:48","modified_gmt":"2015-12-02T19:58:48","slug":"doze-municipios-gauchos-estao-em-alerta-contra-aedes-aegypti","status":"publish","type":"post","link":"https:\/\/www2.comunitaria.com.br\/en\/doze-municipios-gauchos-estao-em-alerta-contra-aedes-aegypti\/","title":{"rendered":"Doze munic\u00edpios ga\u00fachos est\u00e3o em alerta contra Aedes aegypti"},"content":{"rendered":"<p>Doze munic\u00edpios ga\u00fachos &#8211; que s\u00e3o respons\u00e1veis por 98% dos casos de dengue no Estado em 2015 &#8211; s\u00e3o o foco da Secretaria de Sa\u00fade do Estado no combate \u00e0 prolifera\u00e7\u00e3o do mosquito Aedes aegypti. A maior preocupa\u00e7\u00e3o com o inseto \u00e9 pela transmiss\u00e3o do zika v\u00edrus, que tem rela\u00e7\u00e3o com a epidemia de microcefalia. <\/p>\n<p>O Rio Grande do Sul tem grande oportunidade de se antecipar \u00e0 chegada do pico da reprodu\u00e7\u00e3o do mosquito, disse o secret\u00e1rio estadual da Sa\u00fade, Jo\u00e3o Gabbardo, em coletiva nesta quarta-feira, para anunciar a cria\u00e7\u00e3o de um comit\u00ea intersetorial de enfrentamento ao mosquito da dengue.<\/p>\n<p>De acordo com o secret\u00e1rio, o Ex\u00e9rcito est\u00e1 dispon\u00edvel para auxiliar no combate \u00e0 dengue no Estado. Neste ano foram registrados 1.258 casos da doen\u00e7a, sendo 1.002 de cont\u00e1gio aut\u00f3ctone (contra\u00eddos no Rio Grande do Sul), al\u00e9m de duas mortes (Panambi e Santo \u00c2ngelo). <\/p>\n<p>Segundo Gabbardo, a situa\u00e7\u00e3o da microcefalia ser\u00e1 devastadora quando o zika v\u00edrus ingressar nos estados de S\u00e3o Paulo e Rio de Janeiro em fun\u00e7\u00e3o da maior concentra\u00e7\u00e3o populacional. Ele reafirmou que \u00e9 inevit\u00e1vel que a doen\u00e7a chegue ao Rio Grande do Sul.<\/p>\n<p>Munic\u00edpios em alerta:<\/p>\n<p>1. Caibat\u00e9<br \/>\n2. Carazinho<br \/>\n3. Erval Seco<br \/>\n4. Ibirub\u00e1<br \/>\n5. Novo Tiradentes<br \/>\n6. Panambi<br \/>\n7. Porto Alegre<br \/>\n8. Redentora<br \/>\n9. Santa Rosa<br \/>\n10. Santo \u00c2ngelo<br \/>\n11. Sarandi<br \/>\n12. Giru\u00e1<\/p>\n<p><em>Correio do Povo<\/em><\/p>","protected":false},"excerpt":{"rendered":"<p>Doze munic\u00edpios ga\u00fachos &#8211; que s\u00e3o respons\u00e1veis por 98% dos casos de dengue no Estado em 2015 &#8211; s\u00e3o o foco da Secretaria de Sa\u00fade do Estado no combate \u00e0&#8230;<\/p>","protected":false},"author":2,"featured_media":11904,"comment_status":"open","ping_status":"closed","sticky":false,"template":"","format":"standard","meta":{"ngg_post_thumbnail":0,"footnotes":""},"categories":[46,33,43,37],"tags":[424,832,86],"class_list":["post-11903","post","type-post","status-publish","format-standard","has-post-thumbnail","hentry","category-estado","category-noticias","category-regiao","category-saude","tag-alerta","tag-dengue","tag-regiao-2"],"amp_enabled":true,"_links":{"self":[{"href":"https:\/\/www2.comunitaria.com.br\/en\/wp-json\/wp\/v2\/posts\/11903","targetHints":{"allow":["GET"]}}],"collection":[{"href":"https:\/\/www2.comunitaria.com.br\/en\/wp-json\/wp\/v2\/posts"}],"about":[{"href":"https:\/\/www2.comunitaria.com.br\/en\/wp-json\/wp\/v2\/types\/post"}],"author":[{"embeddable":true,"href":"https:\/\/www2.comunitaria.com.br\/en\/wp-json\/wp\/v2\/users\/2"}],"replies":[{"embeddable":true,"href":"https:\/\/www2.comunitaria.com.br\/en\/wp-json\/wp\/v2\/comments?post=11903"}],"version-history":[{"count":0,"href":"https:\/\/www2.comunitaria.com.br\/en\/wp-json\/wp\/v2\/posts\/11903\/revisions"}],"wp:featuredmedia":[{"embeddable":true,"href":"https:\/\/www2.comunitaria.com.br\/en\/wp-json\/wp\/v2\/media\/11904"}],"wp:attachment":[{"href":"https:\/\/www2.comunitaria.com.br\/en\/wp-json\/wp\/v2\/media?parent=11903"}],"wp:term":[{"taxonomy":"category","embeddable":true,"href":"https:\/\/www2.comunitaria.com.br\/en\/wp-json\/wp\/v2\/categories?post=11903"},{"taxonomy":"post_tag","embeddable":true,"href":"https:\/\/www2.comunitaria.com.br\/en\/wp-json\/wp\/v2\/tags?post=11903"}],"curies":[{"name":"wp","href":"https:\/\/api.w.org\/{rel}","templated":true}]}}