{"id":11877,"date":"2015-12-02T10:31:56","date_gmt":"2015-12-02T12:31:56","guid":{"rendered":"http:\/\/www2.comunitaria.com.br\/?p=11877"},"modified":"2015-12-02T10:31:56","modified_gmt":"2015-12-02T12:31:56","slug":"instabilidade-em-frederico-westphalen","status":"publish","type":"post","link":"https:\/\/www2.comunitaria.com.br\/en\/instabilidade-em-frederico-westphalen\/","title":{"rendered":"Instabilidade em Frederico Westphalen"},"content":{"rendered":"<p>O Rio Grande do Sul segue com atmosfera \u00famida e inst\u00e1vel nesta quarta-feira. Muitas nuvens cobrem o Estado e h\u00e1 chance de chuva, ao menos em parte do dia, na maioria das regi\u00f5es. A instabilidade ser\u00e1 maior em cidades da Metade Norte, onde pontos isolados podem ter pancadas at\u00e9 fortes com trovoadas.<\/p>\n<p>Em Frederico Westphalen o dia come\u00e7ou com muita instabilidade, chuva e\u00a0neblina. Confira a previs\u00e3o completa:<\/p>\n<!--[if lt IE 9]><script>document.createElement('audio');<\/script><![endif]-->\n<audio class=\"wp-audio-shortcode\" id=\"audio-11877-1\" preload=\"none\" style=\"width: 100%;\" controls=\"controls\"><source type=\"audio\/mpeg\" src=\"http:\/\/www2.comunitaria.com.br\/wp-content\/uploads\/2015\/12\/previs\u00e3o-ok.mp3?_=1\" \/><a href=\"http:\/\/www2.comunitaria.com.br\/wp-content\/uploads\/2015\/12\/previs\u00e3o-ok.mp3\">http:\/\/www2.comunitaria.com.br\/wp-content\/uploads\/2015\/12\/previs\u00e3o-ok.mp3<\/a><\/audio>\n<p>&nbsp;<\/p>","protected":false},"excerpt":{"rendered":"<p>O Rio Grande do Sul segue com atmosfera \u00famida e inst\u00e1vel nesta quarta-feira. Muitas nuvens cobrem o Estado e h\u00e1 chance de chuva, ao menos em parte do dia, na maioria das regi\u00f5es. A instabilidade ser\u00e1 maior em cidades da Metade Norte, onde pontos isolados podem ter pancadas at\u00e9 fortes com trovoadas. Em Frederico Westphalen<\/p>\n<div class=\"read-more-wrapper\"><a class=\"read-more\" href=\"https:\/\/www2.comunitaria.com.br\/en\/instabilidade-em-frederico-westphalen\/\" title=\"Read More\"> <span class=\"button\">Read More<\/span><\/a><\/div>","protected":false},"author":2,"featured_media":11879,"comment_status":"open","ping_status":"closed","sticky":false,"template":"","format":"standard","meta":{"ngg_post_thumbnail":0,"footnotes":""},"categories":[145],"tags":[179],"class_list":["post-11877","post","type-post","status-publish","format-standard","has-post-thumbnail","hentry","category-previsao-do-tempo","tag-previsao-do-tempo-2"],"amp_enabled":true,"_links":{"self":[{"href":"https:\/\/www2.comunitaria.com.br\/en\/wp-json\/wp\/v2\/posts\/11877","targetHints":{"allow":["GET"]}}],"collection":[{"href":"https:\/\/www2.comunitaria.com.br\/en\/wp-json\/wp\/v2\/posts"}],"about":[{"href":"https:\/\/www2.comunitaria.com.br\/en\/wp-json\/wp\/v2\/types\/post"}],"author":[{"embeddable":true,"href":"https:\/\/www2.comunitaria.com.br\/en\/wp-json\/wp\/v2\/users\/2"}],"replies":[{"embeddable":true,"href":"https:\/\/www2.comunitaria.com.br\/en\/wp-json\/wp\/v2\/comments?post=11877"}],"version-history":[{"count":0,"href":"https:\/\/www2.comunitaria.com.br\/en\/wp-json\/wp\/v2\/posts\/11877\/revisions"}],"wp:featuredmedia":[{"embeddable":true,"href":"https:\/\/www2.comunitaria.com.br\/en\/wp-json\/wp\/v2\/media\/11879"}],"wp:attachment":[{"href":"https:\/\/www2.comunitaria.com.br\/en\/wp-json\/wp\/v2\/media?parent=11877"}],"wp:term":[{"taxonomy":"category","embeddable":true,"href":"https:\/\/www2.comunitaria.com.br\/en\/wp-json\/wp\/v2\/categories?post=11877"},{"taxonomy":"post_tag","embeddable":true,"href":"https:\/\/www2.comunitaria.com.br\/en\/wp-json\/wp\/v2\/tags?post=11877"}],"curies":[{"name":"wp","href":"https:\/\/api.w.org\/{rel}","templated":true}]}}