{"id":11850,"date":"2015-12-01T17:35:33","date_gmt":"2015-12-01T19:35:33","guid":{"rendered":"http:\/\/www2.comunitaria.com.br\/?p=11850"},"modified":"2015-12-01T17:55:46","modified_gmt":"2015-12-01T19:55:46","slug":"adolescente-de-nonoai-e-mais-dois-morrem-em-acidente-na-freeway","status":"publish","type":"post","link":"https:\/\/www2.comunitaria.com.br\/en\/adolescente-de-nonoai-e-mais-dois-morrem-em-acidente-na-freeway\/","title":{"rendered":"Adolescente de Nonoai e mais tr\u00eas morrem em acidente na Freeway"},"content":{"rendered":"<p>As v\u00edtimas do acidente envolvendo um ve\u00edculo Pegeout 206 na tarde desta ter\u00e7a-feira (1\u00ba) na Freeway, em Glorinha, voltavam de um teste para atores no Rio de Janeiro. Morreram no acidente tr\u00eas adolescentes &#8211; Rafaela Gromann, 15 anos, \u00c9rica Asquidamini, 16 anos, e Jo\u00e3o Pedro Favero, 14 anos &#8211; al\u00e9m do motorista, Jorge Popelnitski J\u00fanior, de 27 anos.<\/p>\n<p>O \u00fanico sobrevivente, Oscar Roberto Zinelli, \u00e9 dono de uma produtora de elenco e disse \u00e0 reportagem da Ga\u00facha que foi levar os adolescentes para o teste na capital fluminense. O acidente ocorreu no retorno para Porto Alegre, no km 46 da Freeway.<\/p>\n<p>Ele contou que o motorista perdeu o controle do carro ap\u00f3s um ve\u00edculo cortar a frente do 206. O Peugeot saiu da pista, capotou v\u00e1rias vezes e foi parar dentro de um c\u00f3rrego.<\/p>\n<p>&#8220;Quando o carro parou, levou dois segundos para encher de \u00e1gua. Consegui estourar o vidro, tentei tirar eles, mas n\u00e3o consegui&#8221;<\/p>\n<p>Segundo ele, as v\u00edtimas s\u00e3o do interior do Estado, da regi\u00e3o Norte. Rafaela Gromann e o motorista Jorge Popelnitzke s\u00e3o de Erechim. Jo\u00e3o Pedro \u00e9 da cidade de Nonoai e \u00c9rica, de Nova Bassano.<\/p>\n<p>Nas redes sociais, fotos mostram os adolescentes durante a viagem no Rio de Janeiro. Uma das v\u00edtimas, a jovem \u00c9rica Asquidamini publicou no fim de semana imagens de testes na praia de Copacabana. <\/p>","protected":false},"excerpt":{"rendered":"<p>As v\u00edtimas do acidente envolvendo um ve\u00edculo Pegeout 206 na tarde desta ter\u00e7a-feira (1\u00ba) na Freeway, em Glorinha, voltavam de um teste para atores no Rio de Janeiro. Morreram no acidente tr\u00eas adolescentes &#8211; Rafaela Gromann, 15 anos, \u00c9rica Asquidamini, 16 anos, e Jo\u00e3o Pedro Favero, 14 anos &#8211; al\u00e9m do motorista, Jorge Popelnitski J\u00fanior,<\/p>\n<div class=\"read-more-wrapper\"><a class=\"read-more\" href=\"https:\/\/www2.comunitaria.com.br\/en\/adolescente-de-nonoai-e-mais-dois-morrem-em-acidente-na-freeway\/\" title=\"Read More\"> <span class=\"button\">Read More<\/span><\/a><\/div>","protected":false},"author":2,"featured_media":11851,"comment_status":"open","ping_status":"closed","sticky":false,"template":"","format":"standard","meta":{"ngg_post_thumbnail":0,"footnotes":""},"categories":[33,36,43],"tags":[96,2062,97,861],"class_list":["post-11850","post","type-post","status-publish","format-standard","has-post-thumbnail","hentry","category-noticias","category-policia","category-regiao","tag-acidente","tag-freeway","tag-morte","tag-nonoai"],"amp_enabled":true,"_links":{"self":[{"href":"https:\/\/www2.comunitaria.com.br\/en\/wp-json\/wp\/v2\/posts\/11850","targetHints":{"allow":["GET"]}}],"collection":[{"href":"https:\/\/www2.comunitaria.com.br\/en\/wp-json\/wp\/v2\/posts"}],"about":[{"href":"https:\/\/www2.comunitaria.com.br\/en\/wp-json\/wp\/v2\/types\/post"}],"author":[{"embeddable":true,"href":"https:\/\/www2.comunitaria.com.br\/en\/wp-json\/wp\/v2\/users\/2"}],"replies":[{"embeddable":true,"href":"https:\/\/www2.comunitaria.com.br\/en\/wp-json\/wp\/v2\/comments?post=11850"}],"version-history":[{"count":0,"href":"https:\/\/www2.comunitaria.com.br\/en\/wp-json\/wp\/v2\/posts\/11850\/revisions"}],"wp:featuredmedia":[{"embeddable":true,"href":"https:\/\/www2.comunitaria.com.br\/en\/wp-json\/wp\/v2\/media\/11851"}],"wp:attachment":[{"href":"https:\/\/www2.comunitaria.com.br\/en\/wp-json\/wp\/v2\/media?parent=11850"}],"wp:term":[{"taxonomy":"category","embeddable":true,"href":"https:\/\/www2.comunitaria.com.br\/en\/wp-json\/wp\/v2\/categories?post=11850"},{"taxonomy":"post_tag","embeddable":true,"href":"https:\/\/www2.comunitaria.com.br\/en\/wp-json\/wp\/v2\/tags?post=11850"}],"curies":[{"name":"wp","href":"https:\/\/api.w.org\/{rel}","templated":true}]}}