{"id":11809,"date":"2015-12-01T08:20:35","date_gmt":"2015-12-01T10:20:35","guid":{"rendered":"http:\/\/www2.comunitaria.com.br\/?p=11809"},"modified":"2015-12-01T08:21:24","modified_gmt":"2015-12-01T10:21:24","slug":"diocese-de-frederico-westphalen-sedia-encontro-estadual-dos-bispos","status":"publish","type":"post","link":"https:\/\/www2.comunitaria.com.br\/en\/diocese-de-frederico-westphalen-sedia-encontro-estadual-dos-bispos\/","title":{"rendered":"Diocese de Frederico Westphalen sedia encontro Estadual dos Bispos"},"content":{"rendered":"<p style=\"text-align: justify;\">O episcopado ga\u00facho encontra-se em Frederico Westphalen at\u00e9 o dia 3 de dezembro para o encontro anual dos bispos do Regional Sul 3, da Confer\u00eancia Nacional dos Bispos do Brasil (CNBB). Os bispos das 18 arquidioceses e 17 dioceses do Rio Grande do Sul est\u00e3o presentes e se re\u00fanem para partilhar experi\u00eancias pastorais, definir metas para o regional e tamb\u00e9m confraternizar durante os tr\u00eas dias de encontro.<\/p>\n<p style=\"text-align: justify;\">O encontro \u00e9 sediado pela Diocese de Frederico Westphalen e ser\u00e1 conduzido pela presid\u00eancia do Regional Sul 3: dom Jaime Spengler, arcebispo de Porto Alegre e presidente do regional; dom Jos\u00e9 Gislon, bispo de Erechim e vice-presidente; dom Rem\u00eddio Jos\u00e9 Bohn, bispo de Cachoeira do Sul e secret\u00e1rio do Regional.<\/p>\n<p style=\"text-align: justify;\">A programa\u00e7\u00e3o iniciou na noite de\u00a0ontem, 30, no audit\u00f3rio do Hotel Cantelle. Durante a ocasi\u00e3o aconteceu um momento de ora\u00e7\u00e3o, defini\u00e7\u00e3o e organiza\u00e7\u00e3o da pauta dos quatro dias de encontro. Foram definidos os assuntos de explica\u00e7\u00f5es no que se refere \u00e0 diocese, al\u00e9m de explana\u00e7\u00f5es sobre temas relevantes como; os aspectos das reuni\u00f5es do Conselho Episcopal Pastoral (Consep), e conselho da permanente da CNBB, entre outros.<\/p>\n<p style=\"text-align: justify;\">A programa\u00e7\u00e3o segue durante esta ter\u00e7a-feira, 1\u00ba de dezembro, onde os bispos participantes estar\u00e3o reunidos durante todo o dia no Semin\u00e1rio Menor Nossa Senhora Medianeira realizando momentos de ora\u00e7\u00f5es e avalia\u00e7\u00f5es dos bispos de todas as dioceses.<\/p>\n<p style=\"text-align: justify;\">Na quarta-feira, 2, \u00a0far\u00e3o uma viagem para conhecer os pontos tur\u00edsticos da regi\u00e3o. Os passeios incluir\u00e3o o Santu\u00e1rio dos Beatos Manuel e Ad\u00edlio em Nonoai, a Igreja Matriz, o museu e a vin\u00edcola de Ametista do Sul. Pela parte da noite, os bispos concelebrar\u00e3o a Santa Missa na Catedral Santo Ant\u00f4nio junto com os padres da Diocese e dom Antonio Carlos.<\/p>\n<p style=\"text-align: justify;\"><strong>Santa Missa<\/strong><\/p>\n<p style=\"text-align: justify;\">A missa inicia \u00e0s 19h30min, logo ap\u00f3s a Santa Missa, acontecem apresenta\u00e7\u00f5es art\u00edsticas no Sal\u00e3o Paroquial com o Coral da Universidade Regional Integrada (URI) e do Centro de Tradi\u00e7\u00f5es Ga\u00fachas (CTG) Rodeio da Quer\u00eancia. Na quinta-feira pela manh\u00e3, haver\u00e1 os encaminhamentos finais da reuni\u00e3o, encerramento do retiro, e almo\u00e7o.<\/p>\n<p style=\"text-align: justify;\"><strong>Folha do Noroeste<\/strong><\/p>","protected":false},"excerpt":{"rendered":"<p>O episcopado ga\u00facho encontra-se em Frederico Westphalen at\u00e9 o dia 3 de dezembro para o encontro anual dos bispos do Regional Sul 3, da Confer\u00eancia Nacional dos Bispos do Brasil&#8230;<\/p>","protected":false},"author":2,"featured_media":11810,"comment_status":"open","ping_status":"closed","sticky":false,"template":"","format":"standard","meta":{"ngg_post_thumbnail":0,"footnotes":""},"categories":[46,42,33,43,35],"tags":[519,2016,86,1663,1165],"class_list":["post-11809","post","type-post","status-publish","format-standard","has-post-thumbnail","hentry","category-estado","category-fred-west","category-noticias","category-regiao","category-variedades","tag-estado-2","tag-igreja","tag-regiao-2","tag-religiao","tag-variedades"],"amp_enabled":true,"_links":{"self":[{"href":"https:\/\/www2.comunitaria.com.br\/en\/wp-json\/wp\/v2\/posts\/11809","targetHints":{"allow":["GET"]}}],"collection":[{"href":"https:\/\/www2.comunitaria.com.br\/en\/wp-json\/wp\/v2\/posts"}],"about":[{"href":"https:\/\/www2.comunitaria.com.br\/en\/wp-json\/wp\/v2\/types\/post"}],"author":[{"embeddable":true,"href":"https:\/\/www2.comunitaria.com.br\/en\/wp-json\/wp\/v2\/users\/2"}],"replies":[{"embeddable":true,"href":"https:\/\/www2.comunitaria.com.br\/en\/wp-json\/wp\/v2\/comments?post=11809"}],"version-history":[{"count":0,"href":"https:\/\/www2.comunitaria.com.br\/en\/wp-json\/wp\/v2\/posts\/11809\/revisions"}],"wp:featuredmedia":[{"embeddable":true,"href":"https:\/\/www2.comunitaria.com.br\/en\/wp-json\/wp\/v2\/media\/11810"}],"wp:attachment":[{"href":"https:\/\/www2.comunitaria.com.br\/en\/wp-json\/wp\/v2\/media?parent=11809"}],"wp:term":[{"taxonomy":"category","embeddable":true,"href":"https:\/\/www2.comunitaria.com.br\/en\/wp-json\/wp\/v2\/categories?post=11809"},{"taxonomy":"post_tag","embeddable":true,"href":"https:\/\/www2.comunitaria.com.br\/en\/wp-json\/wp\/v2\/tags?post=11809"}],"curies":[{"name":"wp","href":"https:\/\/api.w.org\/{rel}","templated":true}]}}