{"id":11723,"date":"2015-12-17T14:20:19","date_gmt":"2015-12-17T16:20:19","guid":{"rendered":"http:\/\/www2.comunitaria.com.br\/?p=11723"},"modified":"2015-12-17T15:51:47","modified_gmt":"2015-12-17T17:51:47","slug":"alunos-da-escola-edgar-marques-de-mattos-produzem-longa-metragem","status":"publish","type":"post","link":"https:\/\/www2.comunitaria.com.br\/en\/alunos-da-escola-edgar-marques-de-mattos-produzem-longa-metragem\/","title":{"rendered":"Alunos da Escola Edgar Marques de Mattos produzem longa-metragem"},"content":{"rendered":"<div class=\"row-fluid\">\n<div id=\"leftdiv\" class=\"span8\">\n<div id=\"content\">\n<div class=\"conteudoVerNoticia tr\">\n<div class=\"notdescricao rvfs-4\" style=\"text-align: justify;\" data-rvfs=\"4\">\n<p>O que ocorre quando se re\u00fanem estudantes de oficinas de audiovisual, teatro e uma boa ideia? Um filme! Alunos da Escola Estadual de Ensino Fundamental Conselheiro Edgar Marques de Mattos, de Frederico Westphalen, decidiram colocar em pr\u00e1tica tudo o que aprenderam nas oficinas oferecidas pela institui\u00e7\u00e3o. As atividades fazem parte dos Programas Mais Educa\u00e7\u00e3o e Escola Aberta, do Governo Federal.<\/p>\n<p>A partir da fus\u00e3o dos grupos, criou-se a CEMM Creative Production. A equipe aceitou o desafio de produzir o primeiro longa-metragem frederiquense. A produ\u00e7\u00e3o, intitulada &#8220;Recupera\u00e7\u00e3o Paralela&#8221;, segue os g\u00eaneros terror e aventura e teve 90% das filmagens realizadas na escola.<\/p>\n<p><strong>Equipe<\/strong><\/p>\n<p>Participaram do projeto trinta alunos, sob a orienta\u00e7\u00e3o do professor oficineiro Paulo Henrique Cadon\u00e1. A proposta foi de proporcionar aos estudantes uma forma de desenvolverem t\u00e9cnicas de elabora\u00e7\u00e3o f\u00edlmica e trabalharem em conjunto. \u201cEssa \u00e9 uma experi\u00eancia \u00fanica, que n\u00e3o encontramos todo dia. Foi muito legal participar do projeto\u201d afirmou a estudante Aline Riboli, de 12 anos.<\/p>\n<p><strong>Estreia<\/strong><\/p>\n<p>O filme ser\u00e1 apresentado pela primeira vez em uma sess\u00e3o especial para convidados do elenco e produ\u00e7\u00e3o, autoridades locais, professores e funcion\u00e1rios da escola, no dia 18 de dezembro \u00e0s 20h, no Cine Floresta. J\u00e1 o p\u00fablico em geral poder\u00e1 conferir o longa no dia 19, tamb\u00e9m no Cine Floresta. Os hor\u00e1rios das exibi\u00e7\u00f5es e outras informa\u00e7\u00f5es sobre a produ\u00e7\u00e3o podem ser conferidos no site www.cemmstudio.com, que tamb\u00e9m disponibiliza ingressos gratuitos para as sess\u00f5es abertas ao p\u00fablico.<\/p>\n<p><strong>Ficou com gostinho de quero mais? Confira a sinopse do filme:<\/strong><\/p>\n<p>L\u00edvia Maria Menvel sempre foi uma garota t\u00edmida que dedicava a maior parte do seu tempo \u00e0 ora\u00e7\u00e3o e \u00e0 f\u00e9. Sua \u00fanica amiga na escola era Am\u00e9lia, pois os demais alunos implicavam todos os dias com a sua maneira religiosa de ser. Certo dia, no ano de 1999, alguns colegas de L\u00edvia resolveram testar a paci\u00eancia da menina, mexendo com sua f\u00e9. Eles levaram para a sala de aula o jogo do pentagrama, que acabou tirando a vida de todos no local, exceto de Am\u00e9lia.<\/p>\n<p>Em 2015, Gabriela, seu namorado Douglas e seus colegas percebem que h\u00e1 algo estranho acontecendo com a escola e com a professora de L\u00edngua Portuguesa, Am\u00e9lia. Investigando, eles descobrir\u00e3o que os segredos do Educand\u00e1rio Santa M\u00f4nica v\u00e3o muito mais al\u00e9m dos fen\u00f4menos sobrenaturais. Resta agora que Gabriela, Douglas e seus colegas descubram se \u00e9 a alma de L\u00edvia a detentora de toda a for\u00e7a maligna presente na escola, ou se os mist\u00e9rios deste col\u00e9gio v\u00e3o muito mais al\u00e9m&#8230; H\u00e1 algo que os prende em uma eterna Recupera\u00e7\u00e3o Paralela.<\/p>\n<p><strong>Heloise Santi\/Folha do Noroeste<\/strong><\/p>\n<\/div>\n<\/div>\n<\/div>\n<\/div>\n<\/div>","protected":false},"excerpt":{"rendered":"<p>O que ocorre quando se re\u00fanem estudantes de oficinas de audiovisual, teatro e uma boa ideia? Um filme! Alunos da Escola Estadual de Ensino Fundamental Conselheiro Edgar Marques de Mattos,&#8230;<\/p>","protected":false},"author":2,"featured_media":11724,"comment_status":"open","ping_status":"closed","sticky":false,"template":"","format":"standard","meta":{"ngg_post_thumbnail":0,"footnotes":""},"categories":[42,33,35],"tags":[1150,1001,2043,82],"class_list":["post-11723","post","type-post","status-publish","format-standard","has-post-thumbnail","hentry","category-fred-west","category-noticias","category-variedades","tag-cinema","tag-cultura","tag-escola-edgar-marques-de-mattos","tag-frederico-westphalen"],"amp_enabled":true,"_links":{"self":[{"href":"https:\/\/www2.comunitaria.com.br\/en\/wp-json\/wp\/v2\/posts\/11723","targetHints":{"allow":["GET"]}}],"collection":[{"href":"https:\/\/www2.comunitaria.com.br\/en\/wp-json\/wp\/v2\/posts"}],"about":[{"href":"https:\/\/www2.comunitaria.com.br\/en\/wp-json\/wp\/v2\/types\/post"}],"author":[{"embeddable":true,"href":"https:\/\/www2.comunitaria.com.br\/en\/wp-json\/wp\/v2\/users\/2"}],"replies":[{"embeddable":true,"href":"https:\/\/www2.comunitaria.com.br\/en\/wp-json\/wp\/v2\/comments?post=11723"}],"version-history":[{"count":0,"href":"https:\/\/www2.comunitaria.com.br\/en\/wp-json\/wp\/v2\/posts\/11723\/revisions"}],"wp:featuredmedia":[{"embeddable":true,"href":"https:\/\/www2.comunitaria.com.br\/en\/wp-json\/wp\/v2\/media\/11724"}],"wp:attachment":[{"href":"https:\/\/www2.comunitaria.com.br\/en\/wp-json\/wp\/v2\/media?parent=11723"}],"wp:term":[{"taxonomy":"category","embeddable":true,"href":"https:\/\/www2.comunitaria.com.br\/en\/wp-json\/wp\/v2\/categories?post=11723"},{"taxonomy":"post_tag","embeddable":true,"href":"https:\/\/www2.comunitaria.com.br\/en\/wp-json\/wp\/v2\/tags?post=11723"}],"curies":[{"name":"wp","href":"https:\/\/api.w.org\/{rel}","templated":true}]}}