{"id":11612,"date":"2015-11-27T14:11:09","date_gmt":"2015-11-27T16:11:09","guid":{"rendered":"http:\/\/www2.comunitaria.com.br\/?p=11612"},"modified":"2015-11-27T14:11:09","modified_gmt":"2015-11-27T16:11:09","slug":"cresolfw-recebe-lideres-de-cooperativas-do-parana","status":"publish","type":"post","link":"https:\/\/www2.comunitaria.com.br\/en\/cresolfw-recebe-lideres-de-cooperativas-do-parana\/","title":{"rendered":"Cresol\/FW recebe l\u00edderes de cooperativas do Paran\u00e1"},"content":{"rendered":"<p style=\"text-align: justify;\">A Cresol de Frederico Westphalen recebeu na manh\u00e3 desta sexta-feira, 27, l\u00edderes, presidentes e demais representantes de pelo menos 18 cooperativas do Paran\u00e1. As unidades representadas integram a central Baser da Cresol no Estado paranaense, e vieram a Frederico para conhecer os trabalhos desenvolvidos pela Cresol\/FW. Al\u00e9m disso, os paranaenses tamb\u00e9m mostraram alguns dos servi\u00e7os oferecidos aos seus associados em suas \u00e1reas de abrang\u00eancia.<\/p>\n<p style=\"text-align: justify;\"><strong>O Alto Uruguai<\/strong><\/p>","protected":false},"excerpt":{"rendered":"<p>A Cresol de Frederico Westphalen recebeu na manh\u00e3 desta sexta-feira, 27, l\u00edderes, presidentes e demais representantes de pelo menos 18 cooperativas do Paran\u00e1. As unidades representadas integram a central Baser da Cresol no Estado paranaense, e vieram a Frederico para conhecer os trabalhos desenvolvidos pela Cresol\/FW. Al\u00e9m disso, os paranaenses tamb\u00e9m mostraram alguns dos servi\u00e7os<\/p>\n<div class=\"read-more-wrapper\"><a class=\"read-more\" href=\"https:\/\/www2.comunitaria.com.br\/en\/cresolfw-recebe-lideres-de-cooperativas-do-parana\/\" title=\"Read More\"> <span class=\"button\">Read More<\/span><\/a><\/div>","protected":false},"author":2,"featured_media":11613,"comment_status":"open","ping_status":"closed","sticky":false,"template":"","format":"standard","meta":{"ngg_post_thumbnail":0,"footnotes":""},"categories":[42,33,43],"tags":[140,1468,2035,890,257],"class_list":["post-11612","post","type-post","status-publish","format-standard","has-post-thumbnail","hentry","category-fred-west","category-noticias","category-regiao","tag-cooperativa","tag-cresol","tag-lideres","tag-parana","tag-reuniao"],"amp_enabled":true,"_links":{"self":[{"href":"https:\/\/www2.comunitaria.com.br\/en\/wp-json\/wp\/v2\/posts\/11612","targetHints":{"allow":["GET"]}}],"collection":[{"href":"https:\/\/www2.comunitaria.com.br\/en\/wp-json\/wp\/v2\/posts"}],"about":[{"href":"https:\/\/www2.comunitaria.com.br\/en\/wp-json\/wp\/v2\/types\/post"}],"author":[{"embeddable":true,"href":"https:\/\/www2.comunitaria.com.br\/en\/wp-json\/wp\/v2\/users\/2"}],"replies":[{"embeddable":true,"href":"https:\/\/www2.comunitaria.com.br\/en\/wp-json\/wp\/v2\/comments?post=11612"}],"version-history":[{"count":0,"href":"https:\/\/www2.comunitaria.com.br\/en\/wp-json\/wp\/v2\/posts\/11612\/revisions"}],"wp:featuredmedia":[{"embeddable":true,"href":"https:\/\/www2.comunitaria.com.br\/en\/wp-json\/wp\/v2\/media\/11613"}],"wp:attachment":[{"href":"https:\/\/www2.comunitaria.com.br\/en\/wp-json\/wp\/v2\/media?parent=11612"}],"wp:term":[{"taxonomy":"category","embeddable":true,"href":"https:\/\/www2.comunitaria.com.br\/en\/wp-json\/wp\/v2\/categories?post=11612"},{"taxonomy":"post_tag","embeddable":true,"href":"https:\/\/www2.comunitaria.com.br\/en\/wp-json\/wp\/v2\/tags?post=11612"}],"curies":[{"name":"wp","href":"https:\/\/api.w.org\/{rel}","templated":true}]}}