{"id":11558,"date":"2015-11-26T22:36:50","date_gmt":"2015-11-27T00:36:50","guid":{"rendered":"http:\/\/www2.comunitaria.com.br\/?p=11558"},"modified":"2015-11-26T22:48:50","modified_gmt":"2015-11-27T00:48:50","slug":"projeto-rondon-relato-de-experiencias-e-troca-de-conhecimentos","status":"publish","type":"post","link":"https:\/\/www2.comunitaria.com.br\/en\/projeto-rondon-relato-de-experiencias-e-troca-de-conhecimentos\/","title":{"rendered":"Projeto Rondon: relato de experi\u00eancias e troca de conhecimentos"},"content":{"rendered":"<p style=\"text-align: justify;\">Durante a noite desta quinta-feira, 26, \u00a0participantes do Projeto Rondon tiveram a oportunidade de expor os trabalhos desenvolvidos e experi\u00eancias adquiridas atrav\u00e9s da Opera\u00e7\u00e3o Porta do Sol na cidade de Sol\u00e2nea &#8211; PB.\u00a0No munic\u00edpio, a equipe realizou atividades visando o desenvolvimento sustent\u00e1vel de comunidades carentes, promovendo o bem-estar da popula\u00e7\u00e3o. Tha\u00eds Soares, integrante do grupo, relata que participar do projeto foi uma experi\u00eancia inesquec\u00edvel:<\/p>\n<!--[if lt IE 9]><script>document.createElement('audio');<\/script><![endif]-->\n<audio class=\"wp-audio-shortcode\" id=\"audio-11558-1\" preload=\"none\" style=\"width: 100%;\" controls=\"controls\"><source type=\"audio\/wav\" src=\"http:\/\/www2.comunitaria.com.br\/wp-content\/uploads\/2015\/11\/THAIS.wav?_=1\" \/><a href=\"http:\/\/www2.comunitaria.com.br\/wp-content\/uploads\/2015\/11\/THAIS.wav\">http:\/\/www2.comunitaria.com.br\/wp-content\/uploads\/2015\/11\/THAIS.wav<\/a><\/audio>\n<p>&nbsp;<\/p>\n<p style=\"text-align: justify;\">Ap\u00f3s a participa\u00e7\u00e3o dos rondonistas, o secret\u00e1rio de agricultura do munic\u00edpio de Sol\u00e2nea, Valnir Meneses, realizou uma palestra sobre\u00a0recursos h\u00eddricos do Nordeste e alternativas para o conv\u00edvio com a seca. Valnir tamb\u00e9m apresentou os resultados das atividades do grupo que refletem at\u00e9 hoje no munic\u00edpio:<\/p>\n<audio class=\"wp-audio-shortcode\" id=\"audio-11558-2\" preload=\"none\" style=\"width: 100%;\" controls=\"controls\"><source type=\"audio\/wav\" src=\"http:\/\/www2.comunitaria.com.br\/wp-content\/uploads\/2015\/11\/Audio-01-Valnir.wav?_=2\" \/><a href=\"http:\/\/www2.comunitaria.com.br\/wp-content\/uploads\/2015\/11\/Audio-01-Valnir.wav\">http:\/\/www2.comunitaria.com.br\/wp-content\/uploads\/2015\/11\/Audio-01-Valnir.wav<\/a><\/audio>\n<p>&nbsp;<\/p>\n<p style=\"text-align: justify;\">Na oportunidade, a assistente da pr\u00f3-reitoria de extens\u00e3o da Universidade Federal de Santa Maria, Gl\u00e9ce C\u00f3ser, apresentou as pr\u00f3ximas atividades que ser\u00e3o desenvolvidas pelo Projeto Rondon. A princ\u00edpio ser\u00e3o duas a\u00e7\u00f5es, uma no in\u00edcio de 2016 e uma segunda a\u00e7\u00e3o na metade do ano.<\/p>\n<p style=\"text-align: justify;\"><strong>Sobre o Projeto Rondon\u00a0<\/strong><\/p>\n<p style=\"text-align: justify;\">O Projeto Rondon, coordenado pelo Minist\u00e9rio da Defesa, \u00e9 um projeto de integra\u00e7\u00e3o social que envolve a participa\u00e7\u00e3o volunt\u00e1ria de estudantes universit\u00e1rios na busca de solu\u00e7\u00f5es que contribuam para o desenvolvimento sustent\u00e1vel de comunidades carentes e ampliem o bem-estar da popula\u00e7\u00e3o.<\/p>\n<p style=\"text-align: justify;\">O Projeto \u00e9 realizado em\u00a0parceria\u00a0com diversos Minist\u00e9rios e tem o apoio das For\u00e7as Armadas, que proporcionam o suporte log\u00edstico e a seguran\u00e7a necess\u00e1rios \u00e0s opera\u00e7\u00f5es. Conta, ainda, com a colabora\u00e7\u00e3o dos Governos Estaduais, das Prefeituras Municipais e de empresas socialmente respons\u00e1veis.<\/p>\n\n\t\t<style type=\"text\/css\">\n\t\t\t#gallery-1 {\n\t\t\t\tmargin: auto;\n\t\t\t}\n\t\t\t#gallery-1 .gallery-item {\n\t\t\t\tfloat: left;\n\t\t\t\tmargin-top: 10px;\n\t\t\t\ttext-align: center;\n\t\t\t\twidth: 33%;\n\t\t\t}\n\t\t\t#gallery-1 img {\n\t\t\t\tborder: 2px solid #cfcfcf;\n\t\t\t}\n\t\t\t#gallery-1 .gallery-caption {\n\t\t\t\tmargin-left: 0;\n\t\t\t}\n\t\t\t\/* see gallery_shortcode() in wp-includes\/media.php *\/\n\t\t<\/style>\n\t\t<div id='gallery-1' class='gallery galleryid-11558 gallery-columns-3 gallery-size-thumbnail'><dl class='gallery-item'>\n\t\t\t<dt class='gallery-icon landscape'>\n\t\t\t\t<a href='https:\/\/www2.comunitaria.com.br\/en\/projeto-rondon-relato-de-experiencias-e-troca-de-conhecimentos\/_dsc0109\/'><img loading=\"lazy\" decoding=\"async\" width=\"150\" height=\"150\" src=\"https:\/\/www2.comunitaria.com.br\/wp-content\/uploads\/2015\/11\/DSC0109-150x150.jpg\" class=\"attachment-thumbnail size-thumbnail\" alt=\"\" aria-describedby=\"gallery-1-11567\" srcset=\"https:\/\/www2.comunitaria.com.br\/wp-content\/uploads\/2015\/11\/DSC0109-150x150.jpg 150w, https:\/\/www2.comunitaria.com.br\/wp-content\/uploads\/2015\/11\/DSC0109-65x65.jpg 65w\" sizes=\"auto, (max-width: 150px) 100vw, 150px\" \/><\/a>\n\t\t\t<\/dt>\n\t\t\t\t<dd class='wp-caption-text gallery-caption' id='gallery-1-11567'>\n\t\t\t\tFoto: Sabrina Ritter\n\t\t\t\t<\/dd><\/dl><dl class='gallery-item'>\n\t\t\t<dt class='gallery-icon landscape'>\n\t\t\t\t<a href='https:\/\/www2.comunitaria.com.br\/en\/projeto-rondon-relato-de-experiencias-e-troca-de-conhecimentos\/_dsc0104-2\/'><img loading=\"lazy\" decoding=\"async\" width=\"150\" height=\"150\" src=\"https:\/\/www2.comunitaria.com.br\/wp-content\/uploads\/2015\/11\/DSC0104-150x150.jpg\" class=\"attachment-thumbnail size-thumbnail\" alt=\"\" aria-describedby=\"gallery-1-11566\" srcset=\"https:\/\/www2.comunitaria.com.br\/wp-content\/uploads\/2015\/11\/DSC0104-150x150.jpg 150w, https:\/\/www2.comunitaria.com.br\/wp-content\/uploads\/2015\/11\/DSC0104-65x65.jpg 65w\" sizes=\"auto, (max-width: 150px) 100vw, 150px\" \/><\/a>\n\t\t\t<\/dt>\n\t\t\t\t<dd class='wp-caption-text gallery-caption' id='gallery-1-11566'>\n\t\t\t\tFoto: Sabrina Ritter\n\t\t\t\t<\/dd><\/dl><dl class='gallery-item'>\n\t\t\t<dt class='gallery-icon landscape'>\n\t\t\t\t<a href='https:\/\/www2.comunitaria.com.br\/en\/projeto-rondon-relato-de-experiencias-e-troca-de-conhecimentos\/_dsc0101\/'><img loading=\"lazy\" decoding=\"async\" width=\"150\" height=\"150\" src=\"https:\/\/www2.comunitaria.com.br\/wp-content\/uploads\/2015\/11\/DSC0101-150x150.jpg\" class=\"attachment-thumbnail size-thumbnail\" alt=\"\" aria-describedby=\"gallery-1-11565\" srcset=\"https:\/\/www2.comunitaria.com.br\/wp-content\/uploads\/2015\/11\/DSC0101-150x150.jpg 150w, https:\/\/www2.comunitaria.com.br\/wp-content\/uploads\/2015\/11\/DSC0101-65x65.jpg 65w\" sizes=\"auto, (max-width: 150px) 100vw, 150px\" \/><\/a>\n\t\t\t<\/dt>\n\t\t\t\t<dd class='wp-caption-text gallery-caption' id='gallery-1-11565'>\n\t\t\t\tFoto: Sabrina Ritter\n\t\t\t\t<\/dd><\/dl><br style=\"clear: both\" \/><dl class='gallery-item'>\n\t\t\t<dt class='gallery-icon landscape'>\n\t\t\t\t<a href='https:\/\/www2.comunitaria.com.br\/en\/projeto-rondon-relato-de-experiencias-e-troca-de-conhecimentos\/_dsc0099\/'><img loading=\"lazy\" decoding=\"async\" width=\"150\" height=\"150\" src=\"https:\/\/www2.comunitaria.com.br\/wp-content\/uploads\/2015\/11\/DSC0099-150x150.jpg\" class=\"attachment-thumbnail size-thumbnail\" alt=\"\" aria-describedby=\"gallery-1-11564\" srcset=\"https:\/\/www2.comunitaria.com.br\/wp-content\/uploads\/2015\/11\/DSC0099-150x150.jpg 150w, https:\/\/www2.comunitaria.com.br\/wp-content\/uploads\/2015\/11\/DSC0099-65x65.jpg 65w\" sizes=\"auto, (max-width: 150px) 100vw, 150px\" \/><\/a>\n\t\t\t<\/dt>\n\t\t\t\t<dd class='wp-caption-text gallery-caption' id='gallery-1-11564'>\n\t\t\t\tFoto: Sabrina Ritter\n\t\t\t\t<\/dd><\/dl><dl class='gallery-item'>\n\t\t\t<dt class='gallery-icon landscape'>\n\t\t\t\t<a href='https:\/\/www2.comunitaria.com.br\/en\/projeto-rondon-relato-de-experiencias-e-troca-de-conhecimentos\/_dsc0086\/'><img loading=\"lazy\" decoding=\"async\" width=\"150\" height=\"150\" src=\"https:\/\/www2.comunitaria.com.br\/wp-content\/uploads\/2015\/11\/DSC0086-150x150.jpg\" class=\"attachment-thumbnail size-thumbnail\" alt=\"\" aria-describedby=\"gallery-1-11563\" srcset=\"https:\/\/www2.comunitaria.com.br\/wp-content\/uploads\/2015\/11\/DSC0086-150x150.jpg 150w, https:\/\/www2.comunitaria.com.br\/wp-content\/uploads\/2015\/11\/DSC0086-65x65.jpg 65w\" sizes=\"auto, (max-width: 150px) 100vw, 150px\" \/><\/a>\n\t\t\t<\/dt>\n\t\t\t\t<dd class='wp-caption-text gallery-caption' id='gallery-1-11563'>\n\t\t\t\tFoto: Sabrina Ritter\n\t\t\t\t<\/dd><\/dl><dl class='gallery-item'>\n\t\t\t<dt class='gallery-icon landscape'>\n\t\t\t\t<a href='https:\/\/www2.comunitaria.com.br\/en\/projeto-rondon-relato-de-experiencias-e-troca-de-conhecimentos\/_dsc0077\/'><img loading=\"lazy\" decoding=\"async\" width=\"150\" height=\"150\" src=\"https:\/\/www2.comunitaria.com.br\/wp-content\/uploads\/2015\/11\/DSC0077-150x150.jpg\" class=\"attachment-thumbnail size-thumbnail\" alt=\"\" aria-describedby=\"gallery-1-11562\" srcset=\"https:\/\/www2.comunitaria.com.br\/wp-content\/uploads\/2015\/11\/DSC0077-150x150.jpg 150w, https:\/\/www2.comunitaria.com.br\/wp-content\/uploads\/2015\/11\/DSC0077-65x65.jpg 65w\" sizes=\"auto, (max-width: 150px) 100vw, 150px\" \/><\/a>\n\t\t\t<\/dt>\n\t\t\t\t<dd class='wp-caption-text gallery-caption' id='gallery-1-11562'>\n\t\t\t\tFoto: Sabrina Ritter\n\t\t\t\t<\/dd><\/dl><br style=\"clear: both\" \/><dl class='gallery-item'>\n\t\t\t<dt class='gallery-icon landscape'>\n\t\t\t\t<a href='https:\/\/www2.comunitaria.com.br\/en\/projeto-rondon-relato-de-experiencias-e-troca-de-conhecimentos\/_dsc0071\/'><img loading=\"lazy\" decoding=\"async\" width=\"150\" height=\"150\" src=\"https:\/\/www2.comunitaria.com.br\/wp-content\/uploads\/2015\/11\/DSC0071-150x150.jpg\" class=\"attachment-thumbnail size-thumbnail\" alt=\"\" aria-describedby=\"gallery-1-11561\" srcset=\"https:\/\/www2.comunitaria.com.br\/wp-content\/uploads\/2015\/11\/DSC0071-150x150.jpg 150w, https:\/\/www2.comunitaria.com.br\/wp-content\/uploads\/2015\/11\/DSC0071-65x65.jpg 65w\" sizes=\"auto, (max-width: 150px) 100vw, 150px\" \/><\/a>\n\t\t\t<\/dt>\n\t\t\t\t<dd class='wp-caption-text gallery-caption' id='gallery-1-11561'>\n\t\t\t\tFoto: Sabrina Ritter\n\t\t\t\t<\/dd><\/dl>\n\t\t\t<br style='clear: both' \/>\n\t\t<\/div>\n\n<p style=\"text-align: justify;\">","protected":false},"excerpt":{"rendered":"<p>Durante a noite desta quinta-feira, 26, \u00a0participantes do Projeto Rondon tiveram a oportunidade de expor os trabalhos desenvolvidos e experi\u00eancias adquiridas atrav\u00e9s da Opera\u00e7\u00e3o Porta do Sol na cidade de Sol\u00e2nea &#8211; PB.\u00a0No munic\u00edpio, a equipe realizou atividades visando o desenvolvimento sustent\u00e1vel de comunidades carentes, promovendo o bem-estar da popula\u00e7\u00e3o. Tha\u00eds Soares, integrante do grupo,<\/p>\n<div class=\"read-more-wrapper\"><a class=\"read-more\" href=\"https:\/\/www2.comunitaria.com.br\/en\/projeto-rondon-relato-de-experiencias-e-troca-de-conhecimentos\/\" title=\"Read More\"> <span class=\"button\">Read More<\/span><\/a><\/div>","protected":false},"author":2,"featured_media":11565,"comment_status":"open","ping_status":"closed","sticky":false,"template":"","format":"standard","meta":{"ngg_post_thumbnail":0,"footnotes":""},"categories":[47,44,42,28,33],"tags":[],"class_list":["post-11558","post","type-post","status-publish","format-standard","has-post-thumbnail","hentry","category-brasil","category-educacao","category-fred-west","category-destaque","category-noticias"],"amp_enabled":true,"_links":{"self":[{"href":"https:\/\/www2.comunitaria.com.br\/en\/wp-json\/wp\/v2\/posts\/11558","targetHints":{"allow":["GET"]}}],"collection":[{"href":"https:\/\/www2.comunitaria.com.br\/en\/wp-json\/wp\/v2\/posts"}],"about":[{"href":"https:\/\/www2.comunitaria.com.br\/en\/wp-json\/wp\/v2\/types\/post"}],"author":[{"embeddable":true,"href":"https:\/\/www2.comunitaria.com.br\/en\/wp-json\/wp\/v2\/users\/2"}],"replies":[{"embeddable":true,"href":"https:\/\/www2.comunitaria.com.br\/en\/wp-json\/wp\/v2\/comments?post=11558"}],"version-history":[{"count":0,"href":"https:\/\/www2.comunitaria.com.br\/en\/wp-json\/wp\/v2\/posts\/11558\/revisions"}],"wp:featuredmedia":[{"embeddable":true,"href":"https:\/\/www2.comunitaria.com.br\/en\/wp-json\/wp\/v2\/media\/11565"}],"wp:attachment":[{"href":"https:\/\/www2.comunitaria.com.br\/en\/wp-json\/wp\/v2\/media?parent=11558"}],"wp:term":[{"taxonomy":"category","embeddable":true,"href":"https:\/\/www2.comunitaria.com.br\/en\/wp-json\/wp\/v2\/categories?post=11558"},{"taxonomy":"post_tag","embeddable":true,"href":"https:\/\/www2.comunitaria.com.br\/en\/wp-json\/wp\/v2\/tags?post=11558"}],"curies":[{"name":"wp","href":"https:\/\/api.w.org\/{rel}","templated":true}]}}