{"id":1130,"date":"2014-12-04T18:08:39","date_gmt":"2014-12-04T20:08:39","guid":{"rendered":"http:\/\/www2.comunitaria.com.br\/?p=1130"},"modified":"2014-12-05T12:35:40","modified_gmt":"2014-12-05T14:35:40","slug":"uniao-confirma-novas-contratacoes","status":"publish","type":"post","link":"https:\/\/www2.comunitaria.com.br\/en\/uniao-confirma-novas-contratacoes\/","title":{"rendered":"Uni\u00e3o confirma novas contrata\u00e7\u00f5es"},"content":{"rendered":"<p style=\"text-align: justify;\">O Uni\u00e3o Frederiquense confirmou na tarde de hoje dois novos nomes para o Gauch\u00e3o, ambas para o ataque. O Le\u00e3o da Colina acertou as contrata\u00e7\u00f5es de <strong>Josiel<\/strong> e de <strong>Maranh\u00e3o<\/strong>, este que retorna ao clube.<\/p>\n<p style=\"text-align: justify;\"><strong>\u00a0Josiel<\/strong> teve como maior refer\u00eancia em sua carreira o Campeonato Brasileiro de 2007, quando atuou pelo Paran\u00e1 Clube e foi artilheiro da competi\u00e7\u00e3o com 20 gols. Destaca-se, tamb\u00e9m, sua passagem por clubes como Flamengo, Brasiliense e Juventude, al\u00e9m de atuar no futebol mexicano e nos Emirados \u00c1rabes.<\/p>\n<p style=\"text-align: justify;\"><strong>Maranh\u00e3o<\/strong>, que fez parte do grupo do Uni\u00e3o que conseguiu o acesso neste ano, retorna ao clube ap\u00f3s passagem pelo Moto Club (MA) neste segundo semestre. Al\u00e9m de Moto Club e Uni\u00e3o Frederiquense, o atacante teve passagens em clubes como Boa Esporte (MG), Veran\u00f3polis, Esportivo e River-PI.<\/p>\n<p style=\"text-align: justify;\">Os atletas se apresentam junto com o restante do grupo no pr\u00f3ximo dia 15 de dezembro.<\/p>\n<p style=\"text-align: justify;\"><a href=\"http:\/\/www2.comunitaria.com.br\/wp-content\/uploads\/2014\/12\/maranh\u00e3o.jpg\"><img loading=\"lazy\" decoding=\"async\" class=\"alignnone size-thumbnail wp-image-1131\" src=\"http:\/\/www2.comunitaria.com.br\/wp-content\/uploads\/2014\/12\/maranh\u00e3o-150x150.jpg\" alt=\"maranh\u00e3o\" width=\"150\" height=\"150\" srcset=\"https:\/\/www2.comunitaria.com.br\/wp-content\/uploads\/2014\/12\/maranh\u00e3o-150x150.jpg 150w, https:\/\/www2.comunitaria.com.br\/wp-content\/uploads\/2014\/12\/maranh\u00e3o-65x65.jpg 65w\" sizes=\"auto, (max-width: 150px) 100vw, 150px\" \/><\/a> <a href=\"http:\/\/www2.comunitaria.com.br\/wp-content\/uploads\/2014\/12\/josiel.jpg\"><img loading=\"lazy\" decoding=\"async\" class=\"alignnone size-thumbnail wp-image-1132\" src=\"http:\/\/www2.comunitaria.com.br\/wp-content\/uploads\/2014\/12\/josiel-150x150.jpg\" alt=\"josiel\" width=\"150\" height=\"150\" srcset=\"https:\/\/www2.comunitaria.com.br\/wp-content\/uploads\/2014\/12\/josiel-150x150.jpg 150w, https:\/\/www2.comunitaria.com.br\/wp-content\/uploads\/2014\/12\/josiel-65x65.jpg 65w\" sizes=\"auto, (max-width: 150px) 100vw, 150px\" \/><\/a><\/p>\n<p style=\"text-align: justify;\"><em>A.I\/Uni\u00e3o<\/em><\/p>","protected":false},"excerpt":{"rendered":"<p>O Uni\u00e3o Frederiquense confirmou na tarde de hoje dois novos nomes para o Gauch\u00e3o, ambas para o ataque. O Le\u00e3o da Colina acertou as contrata\u00e7\u00f5es de Josiel e de Maranh\u00e3o, este que retorna ao clube. \u00a0Josiel teve como maior refer\u00eancia em sua carreira o Campeonato Brasileiro de 2007, quando atuou pelo Paran\u00e1 Clube e foi<\/p>\n<div class=\"read-more-wrapper\"><a class=\"read-more\" href=\"https:\/\/www2.comunitaria.com.br\/en\/uniao-confirma-novas-contratacoes\/\" title=\"Read More\"> <span class=\"button\">Read More<\/span><\/a><\/div>","protected":false},"author":2,"featured_media":1132,"comment_status":"open","ping_status":"closed","sticky":false,"template":"","format":"standard","meta":{"ngg_post_thumbnail":0,"footnotes":""},"categories":[34,33,48],"tags":[225,124,171],"class_list":["post-1130","post","type-post","status-publish","format-standard","has-post-thumbnail","hentry","category-esportes","category-noticias","category-uniao-frederiquense","tag-contratacao","tag-gauchao-2015","tag-uniao"],"amp_enabled":true,"_links":{"self":[{"href":"https:\/\/www2.comunitaria.com.br\/en\/wp-json\/wp\/v2\/posts\/1130","targetHints":{"allow":["GET"]}}],"collection":[{"href":"https:\/\/www2.comunitaria.com.br\/en\/wp-json\/wp\/v2\/posts"}],"about":[{"href":"https:\/\/www2.comunitaria.com.br\/en\/wp-json\/wp\/v2\/types\/post"}],"author":[{"embeddable":true,"href":"https:\/\/www2.comunitaria.com.br\/en\/wp-json\/wp\/v2\/users\/2"}],"replies":[{"embeddable":true,"href":"https:\/\/www2.comunitaria.com.br\/en\/wp-json\/wp\/v2\/comments?post=1130"}],"version-history":[{"count":0,"href":"https:\/\/www2.comunitaria.com.br\/en\/wp-json\/wp\/v2\/posts\/1130\/revisions"}],"wp:featuredmedia":[{"embeddable":true,"href":"https:\/\/www2.comunitaria.com.br\/en\/wp-json\/wp\/v2\/media\/1132"}],"wp:attachment":[{"href":"https:\/\/www2.comunitaria.com.br\/en\/wp-json\/wp\/v2\/media?parent=1130"}],"wp:term":[{"taxonomy":"category","embeddable":true,"href":"https:\/\/www2.comunitaria.com.br\/en\/wp-json\/wp\/v2\/categories?post=1130"},{"taxonomy":"post_tag","embeddable":true,"href":"https:\/\/www2.comunitaria.com.br\/en\/wp-json\/wp\/v2\/tags?post=1130"}],"curies":[{"name":"wp","href":"https:\/\/api.w.org\/{rel}","templated":true}]}}