{"id":11132,"date":"2015-11-19T14:52:29","date_gmt":"2015-11-19T16:52:29","guid":{"rendered":"http:\/\/www2.comunitaria.com.br\/?p=11132"},"modified":"2015-11-19T14:52:29","modified_gmt":"2015-11-19T16:52:29","slug":"agencia-fgtassine-de-frederico-westphalen-esta-entre-as-10-principais-do-estado","status":"publish","type":"post","link":"https:\/\/www2.comunitaria.com.br\/en\/agencia-fgtassine-de-frederico-westphalen-esta-entre-as-10-principais-do-estado\/","title":{"rendered":"Ag\u00eancia FGTAS\/Sine de Frederico Westphalen est\u00e1 entre as 10 principais do Estado"},"content":{"rendered":"<p style=\"text-align: justify;\">A Ag\u00eancia do FGTAS\/Sine de Frederico Westphalen \u00e9 a primeira melhor colocada em \u00edndice de desempenho na regi\u00e3o Norte do Rio Grande do Sul \u2013 que abrange 15 munic\u00edpios, incluindo Passo Fundo, Marau, Carazinho e Erechim. No Estado, a ag\u00eancia conquistou o 9\u00b0 lugar ao concorrer com 147 unidades. O ranking \u00e9 realizado pelo Minist\u00e9rio do Trabalho de forma mensal. O atual e \u00faltimo resultado \u00e9 do m\u00eas de setembro e foi divulgado nos \u00faltimos dias pelo estabelecimento localizado no munic\u00edpio.<\/p>\n<p>De acordo com o coordenador da ag\u00eancia de Frederico Westphalen, Leandro Boscardin, a avalia\u00e7\u00e3o leva em considera\u00e7\u00e3o fatores como a quantia de contrata\u00e7\u00f5es no munic\u00edpio por n\u00famero de habitantes e quantos trabalhadores s\u00e3o encaminhados para as vagas por meio do Sine. \u201cEsta \u00e9 uma avalia\u00e7\u00e3o da ag\u00eancia como um todo. Cada a\u00e7\u00e3o positiva gera uma pontua\u00e7\u00e3o que forma este ranking\u201d, explica.<\/p>\n<p style=\"text-align: justify;\">Para o gestor, estar entre as 10 principais unidades do Estado \u00e9 motivo de orgulho. \u201cIsso \u00e9 fruto do trabalho de toda a equipe da ag\u00eancia, que tem se dedicado muito. Al\u00e9m disso, Frederico Westphalen mais uma vez se mostra como um referencial de desenvolvimento. Temos uma cidade com muito potencial, que tem pessoas que geram empregos e riqueza\u201d, finaliza Boscardin.<\/p>\n<p style=\"text-align: justify;\"><strong>O Alto Uruguai<\/strong><\/p>","protected":false},"excerpt":{"rendered":"<p>A Ag\u00eancia do FGTAS\/Sine de Frederico Westphalen \u00e9 a primeira melhor colocada em \u00edndice de desempenho na regi\u00e3o Norte do Rio Grande do Sul \u2013 que abrange 15 munic\u00edpios, incluindo&#8230;<\/p>","protected":false},"author":2,"featured_media":11135,"comment_status":"open","ping_status":"closed","sticky":false,"template":"","format":"standard","meta":{"ngg_post_thumbnail":0,"footnotes":""},"categories":[46,42,33,35],"tags":[1984,1103,1711,1619],"class_list":["post-11132","post","type-post","status-publish","format-standard","has-post-thumbnail","hentry","category-estado","category-fred-west","category-noticias","category-variedades","tag-destaque","tag-emprego","tag-fgtas","tag-sine"],"amp_enabled":true,"_links":{"self":[{"href":"https:\/\/www2.comunitaria.com.br\/en\/wp-json\/wp\/v2\/posts\/11132","targetHints":{"allow":["GET"]}}],"collection":[{"href":"https:\/\/www2.comunitaria.com.br\/en\/wp-json\/wp\/v2\/posts"}],"about":[{"href":"https:\/\/www2.comunitaria.com.br\/en\/wp-json\/wp\/v2\/types\/post"}],"author":[{"embeddable":true,"href":"https:\/\/www2.comunitaria.com.br\/en\/wp-json\/wp\/v2\/users\/2"}],"replies":[{"embeddable":true,"href":"https:\/\/www2.comunitaria.com.br\/en\/wp-json\/wp\/v2\/comments?post=11132"}],"version-history":[{"count":0,"href":"https:\/\/www2.comunitaria.com.br\/en\/wp-json\/wp\/v2\/posts\/11132\/revisions"}],"wp:featuredmedia":[{"embeddable":true,"href":"https:\/\/www2.comunitaria.com.br\/en\/wp-json\/wp\/v2\/media\/11135"}],"wp:attachment":[{"href":"https:\/\/www2.comunitaria.com.br\/en\/wp-json\/wp\/v2\/media?parent=11132"}],"wp:term":[{"taxonomy":"category","embeddable":true,"href":"https:\/\/www2.comunitaria.com.br\/en\/wp-json\/wp\/v2\/categories?post=11132"},{"taxonomy":"post_tag","embeddable":true,"href":"https:\/\/www2.comunitaria.com.br\/en\/wp-json\/wp\/v2\/tags?post=11132"}],"curies":[{"name":"wp","href":"https:\/\/api.w.org\/{rel}","templated":true}]}}