{"id":10893,"date":"2015-11-14T10:39:01","date_gmt":"2015-11-14T12:39:01","guid":{"rendered":"http:\/\/www2.comunitaria.com.br\/?p=10893"},"modified":"2015-11-14T10:41:16","modified_gmt":"2015-11-14T12:41:16","slug":"uri-realiza-o-dia-d-do-vestibular","status":"publish","type":"post","link":"https:\/\/www2.comunitaria.com.br\/en\/uri-realiza-o-dia-d-do-vestibular\/","title":{"rendered":"URI realiza o Dia D do Vestibular"},"content":{"rendered":"<p style=\"text-align: justify;\">Durante toda a manh\u00e3 deste s\u00e1bado, 14, a Universidade Regional Integrada (URI), Campus Frederico Westphalen, est\u00e1 realizando inscri\u00e7\u00f5es para o vestibular da institui\u00e7\u00e3o. Com uma tenda no cal\u00e7ad\u00e3o da Pra\u00e7a da Matriz, os estudantes tem a oportunidade de realizar a inscri\u00e7\u00e3o em um 21\u00a0cursos oferecidos.<\/p>\n<p style=\"text-align: justify;\">A coordenadora e professora, Cl\u00e1udia Cerutti, comenta sobre o dia D do vestibular e deixa o convite para os alunos interessados:<\/p>\n<audio class=\"wp-audio-shortcode\" id=\"audio-10893-1\" preload=\"none\" style=\"width: 100%;\" controls=\"controls\"><source type=\"audio\/wav\" src=\"http:\/\/www2.comunitaria.com.br\/wp-content\/uploads\/2015\/11\/Claudia.wav?_=1\" \/><a href=\"http:\/\/www2.comunitaria.com.br\/wp-content\/uploads\/2015\/11\/Claudia.wav\">http:\/\/www2.comunitaria.com.br\/wp-content\/uploads\/2015\/11\/Claudia.wav<\/a><\/audio>\n<p>&nbsp;<\/p>\n<p style=\"text-align: justify;\">O valor da inscri\u00e7\u00e3o est\u00e1 com desconto para quem a realizar hoje, na pra\u00e7a, e tamb\u00e9m durante o domingo, 15, no <a href=\"http:\/\/www.fw.uri.br\/site\/noticia\/2265\/vestibular-de-verao-inscricoes-promocionais-neste-fim-de-semana\">site\u00a0da universidade<\/a>. A tenda da URI permanecer\u00e1 no Largo Vitalino Cerutti\u00a0at\u00e9 \u00e0s 13h deste s\u00e1bado e conta com a presen\u00e7a dos coordenadores dos cursos para os vestibulandos tirar poss\u00edveis d\u00favidas.<\/p>\n<p style=\"text-align: justify;\">As inscri\u00e7\u00f5es para as provas seguem at\u00e9 dia 16 de novembro e o vestibular acontece no pr\u00f3ximo dia 22, domingo, com in\u00edcio \u00e0s 14h.<\/p>\n\n\t\t<style>\n\t\t\t#gallery-1 {\n\t\t\t\tmargin: auto;\n\t\t\t}\n\t\t\t#gallery-1 .gallery-item {\n\t\t\t\tfloat: left;\n\t\t\t\tmargin-top: 10px;\n\t\t\t\ttext-align: center;\n\t\t\t\twidth: 33%;\n\t\t\t}\n\t\t\t#gallery-1 img {\n\t\t\t\tborder: 2px solid #cfcfcf;\n\t\t\t}\n\t\t\t#gallery-1 .gallery-caption {\n\t\t\t\tmargin-left: 0;\n\t\t\t}\n\t\t\t\/* see gallery_shortcode() in wp-includes\/media.php *\/\n\t\t<\/style>\n\t\t<div id='gallery-1' class='gallery galleryid-10893 gallery-columns-3 gallery-size-thumbnail'><dl class='gallery-item'>\n\t\t\t<dt class='gallery-icon landscape'>\n\t\t\t\t<a href='https:\/\/www2.comunitaria.com.br\/en\/uri-realiza-o-dia-d-do-vestibular\/dsc_0096-8\/'><img loading=\"lazy\" decoding=\"async\" width=\"150\" height=\"150\" src=\"https:\/\/www2.comunitaria.com.br\/wp-content\/uploads\/2015\/11\/DSC_0096-150x150.jpg\" class=\"attachment-thumbnail size-thumbnail\" alt=\"\" aria-describedby=\"gallery-1-10897\" srcset=\"https:\/\/www2.comunitaria.com.br\/wp-content\/uploads\/2015\/11\/DSC_0096-150x150.jpg 150w, https:\/\/www2.comunitaria.com.br\/wp-content\/uploads\/2015\/11\/DSC_0096-65x65.jpg 65w\" sizes=\"auto, (max-width: 150px) 100vw, 150px\" \/><\/a>\n\t\t\t<\/dt>\n\t\t\t\t<dd class='wp-caption-text gallery-caption' id='gallery-1-10897'>\n\t\t\t\tFoto: Sabrina Ritter\n\t\t\t\t<\/dd><\/dl><dl class='gallery-item'>\n\t\t\t<dt class='gallery-icon landscape'>\n\t\t\t\t<a href='https:\/\/www2.comunitaria.com.br\/en\/uri-realiza-o-dia-d-do-vestibular\/dsc_0093-9\/'><img loading=\"lazy\" decoding=\"async\" width=\"150\" height=\"150\" src=\"https:\/\/www2.comunitaria.com.br\/wp-content\/uploads\/2015\/11\/DSC_00931-150x150.jpg\" class=\"attachment-thumbnail size-thumbnail\" alt=\"\" aria-describedby=\"gallery-1-10896\" srcset=\"https:\/\/www2.comunitaria.com.br\/wp-content\/uploads\/2015\/11\/DSC_00931-150x150.jpg 150w, https:\/\/www2.comunitaria.com.br\/wp-content\/uploads\/2015\/11\/DSC_00931-65x65.jpg 65w\" sizes=\"auto, (max-width: 150px) 100vw, 150px\" \/><\/a>\n\t\t\t<\/dt>\n\t\t\t\t<dd class='wp-caption-text gallery-caption' id='gallery-1-10896'>\n\t\t\t\tFoto: Sabrina Ritter\n\t\t\t\t<\/dd><\/dl><dl class='gallery-item'>\n\t\t\t<dt class='gallery-icon landscape'>\n\t\t\t\t<a href='https:\/\/www2.comunitaria.com.br\/en\/uri-realiza-o-dia-d-do-vestibular\/dsc_0092-7\/'><img loading=\"lazy\" decoding=\"async\" width=\"150\" height=\"150\" src=\"https:\/\/www2.comunitaria.com.br\/wp-content\/uploads\/2015\/11\/DSC_0092-150x150.jpg\" class=\"attachment-thumbnail size-thumbnail\" alt=\"\" aria-describedby=\"gallery-1-10895\" srcset=\"https:\/\/www2.comunitaria.com.br\/wp-content\/uploads\/2015\/11\/DSC_0092-150x150.jpg 150w, https:\/\/www2.comunitaria.com.br\/wp-content\/uploads\/2015\/11\/DSC_0092-65x65.jpg 65w\" sizes=\"auto, (max-width: 150px) 100vw, 150px\" \/><\/a>\n\t\t\t<\/dt>\n\t\t\t\t<dd class='wp-caption-text gallery-caption' id='gallery-1-10895'>\n\t\t\t\tFoto: Sabrina Ritter\n\t\t\t\t<\/dd><\/dl><br style=\"clear: both\" \/>\n\t\t<\/div>\n\n<p>&nbsp;<\/p>","protected":false},"excerpt":{"rendered":"<p>Durante toda a manh\u00e3 deste s\u00e1bado, 14, a Universidade Regional Integrada (URI), Campus Frederico Westphalen, est\u00e1 realizando inscri\u00e7\u00f5es para o vestibular da institui\u00e7\u00e3o. Com uma tenda no cal\u00e7ad\u00e3o da Pra\u00e7a&#8230;<\/p>","protected":false},"author":2,"featured_media":10896,"comment_status":"open","ping_status":"closed","sticky":false,"template":"","format":"standard","meta":{"ngg_post_thumbnail":0,"footnotes":""},"categories":[51,44,42,28,33],"tags":[413,1544,141,1953],"class_list":["post-10893","post","type-post","status-publish","format-standard","has-post-thumbnail","hentry","category-audio","category-educacao","category-fred-west","category-destaque","category-noticias","tag-educacao-2","tag-inscricao","tag-uri","tag-vestibular-uri"],"amp_enabled":true,"_links":{"self":[{"href":"https:\/\/www2.comunitaria.com.br\/en\/wp-json\/wp\/v2\/posts\/10893","targetHints":{"allow":["GET"]}}],"collection":[{"href":"https:\/\/www2.comunitaria.com.br\/en\/wp-json\/wp\/v2\/posts"}],"about":[{"href":"https:\/\/www2.comunitaria.com.br\/en\/wp-json\/wp\/v2\/types\/post"}],"author":[{"embeddable":true,"href":"https:\/\/www2.comunitaria.com.br\/en\/wp-json\/wp\/v2\/users\/2"}],"replies":[{"embeddable":true,"href":"https:\/\/www2.comunitaria.com.br\/en\/wp-json\/wp\/v2\/comments?post=10893"}],"version-history":[{"count":0,"href":"https:\/\/www2.comunitaria.com.br\/en\/wp-json\/wp\/v2\/posts\/10893\/revisions"}],"wp:featuredmedia":[{"embeddable":true,"href":"https:\/\/www2.comunitaria.com.br\/en\/wp-json\/wp\/v2\/media\/10896"}],"wp:attachment":[{"href":"https:\/\/www2.comunitaria.com.br\/en\/wp-json\/wp\/v2\/media?parent=10893"}],"wp:term":[{"taxonomy":"category","embeddable":true,"href":"https:\/\/www2.comunitaria.com.br\/en\/wp-json\/wp\/v2\/categories?post=10893"},{"taxonomy":"post_tag","embeddable":true,"href":"https:\/\/www2.comunitaria.com.br\/en\/wp-json\/wp\/v2\/tags?post=10893"}],"curies":[{"name":"wp","href":"https:\/\/api.w.org\/{rel}","templated":true}]}}