{"id":10804,"date":"2015-11-12T08:30:06","date_gmt":"2015-11-12T10:30:06","guid":{"rendered":"http:\/\/www2.comunitaria.com.br\/?p=10804"},"modified":"2015-11-12T08:30:06","modified_gmt":"2015-11-12T10:30:06","slug":"5a-conferencia-estadual-de-politicas-para-as-mulheres-tem-participacao-de-frederiquenses","status":"publish","type":"post","link":"https:\/\/www2.comunitaria.com.br\/en\/5a-conferencia-estadual-de-politicas-para-as-mulheres-tem-participacao-de-frederiquenses\/","title":{"rendered":"5\u00aa Confer\u00eancia Estadual de Pol\u00edticas para as Mulheres tem participa\u00e7\u00e3o de frederiquenses"},"content":{"rendered":"<p style=\"text-align: justify;\">Nos dias 7 e 8 de novembro, aconteceu em Porto Alegre, a 5\u00aa Confer\u00eancia Estadual de Pol\u00edticas para as Mulheres. A oportunidade serviu para pedir mais igualdade e direitos para a classe feminina. Conforme dados do site oficial do evento, mais de 1,2 mil mulheres se fizeram presentes nos dois dias de confer\u00eancia.<\/p>\n<p style=\"text-align: justify;\">De Frederico Westphalen, compareceram no evento as delegadas titulares, eleitas pela Confer\u00eancia Municipal de Pol\u00edticas P\u00fablicas para Mulheres, sendo: Patr\u00edcia Santos, Maria Paula Raubustt de Castro e F\u00e1tima Ferro. Quatro eixos de debate foram formados, nos quais as participantes puderam debater o papel dos conselhos de direitos e dos movimentos feministas, as estruturas de gest\u00e3o de pol\u00edticas para as mulheres, a participa\u00e7\u00e3o das mulheres na pol\u00edtica e a proposta de cria\u00e7\u00e3o de um Sistema Nacional de Pol\u00edticas para as Mulheres, aos moldes do SUS, garantindo o financiamento das pol\u00edticas e tornando-as pol\u00edticas de Estado e n\u00e3o de governo, salvaguardando-as de interrup\u00e7\u00f5es.<\/p>\n<p style=\"text-align: justify;\">Ap\u00f3s o debate, foram eleitas as delegadas que representar\u00e3o o Estado na Confer\u00eancia Nacional, que acontecer\u00e1 nos dias 15 a 18 de mar\u00e7o de 2016, em Bras\u00edlia. No total, foram escolhidas 120 delegadas.<\/p>","protected":false},"excerpt":{"rendered":"<p>Nos dias 7 e 8 de novembro, aconteceu em Porto Alegre, a 5\u00aa Confer\u00eancia Estadual de Pol\u00edticas para as Mulheres. A oportunidade serviu para pedir mais igualdade e direitos para&#8230;<\/p>","protected":false},"author":2,"featured_media":10805,"comment_status":"open","ping_status":"closed","sticky":false,"template":"","format":"standard","meta":{"ngg_post_thumbnail":0,"footnotes":""},"categories":[46,42,33,38],"tags":[1055,1934,82,1359,1192],"class_list":["post-10804","post","type-post","status-publish","format-standard","has-post-thumbnail","hentry","category-estado","category-fred-west","category-noticias","category-politica","tag-conferencia","tag-conferencia-estadual-de-politicas-para-as-mulheres","tag-frederico-westphalen","tag-porto-alegre","tag-rio-grande-do-sul"],"amp_enabled":true,"_links":{"self":[{"href":"https:\/\/www2.comunitaria.com.br\/en\/wp-json\/wp\/v2\/posts\/10804","targetHints":{"allow":["GET"]}}],"collection":[{"href":"https:\/\/www2.comunitaria.com.br\/en\/wp-json\/wp\/v2\/posts"}],"about":[{"href":"https:\/\/www2.comunitaria.com.br\/en\/wp-json\/wp\/v2\/types\/post"}],"author":[{"embeddable":true,"href":"https:\/\/www2.comunitaria.com.br\/en\/wp-json\/wp\/v2\/users\/2"}],"replies":[{"embeddable":true,"href":"https:\/\/www2.comunitaria.com.br\/en\/wp-json\/wp\/v2\/comments?post=10804"}],"version-history":[{"count":0,"href":"https:\/\/www2.comunitaria.com.br\/en\/wp-json\/wp\/v2\/posts\/10804\/revisions"}],"wp:featuredmedia":[{"embeddable":true,"href":"https:\/\/www2.comunitaria.com.br\/en\/wp-json\/wp\/v2\/media\/10805"}],"wp:attachment":[{"href":"https:\/\/www2.comunitaria.com.br\/en\/wp-json\/wp\/v2\/media?parent=10804"}],"wp:term":[{"taxonomy":"category","embeddable":true,"href":"https:\/\/www2.comunitaria.com.br\/en\/wp-json\/wp\/v2\/categories?post=10804"},{"taxonomy":"post_tag","embeddable":true,"href":"https:\/\/www2.comunitaria.com.br\/en\/wp-json\/wp\/v2\/tags?post=10804"}],"curies":[{"name":"wp","href":"https:\/\/api.w.org\/{rel}","templated":true}]}}