{"id":1067,"date":"2014-12-03T09:02:44","date_gmt":"2014-12-03T11:02:44","guid":{"rendered":"http:\/\/www2.comunitaria.com.br\/?p=1067"},"modified":"2014-12-03T09:05:18","modified_gmt":"2014-12-03T11:05:18","slug":"entra-em-vigor-em-todo-o-pais-a-lei-antifumo","status":"publish","type":"post","link":"https:\/\/www2.comunitaria.com.br\/en\/entra-em-vigor-em-todo-o-pais-a-lei-antifumo\/","title":{"rendered":"Entra em vigor em todo o pa\u00eds a Lei Antifumo"},"content":{"rendered":"<p style=\"text-align: justify;\">Os fumantes e estabelecimentos comerciais ter\u00e3o que mudar h\u00e1bitos a partir desta quarta-feira, data em que entra em vigor a Lei Antifumo. Fica proibido a partir de agora fumar em qualquer ambiente fechado, p\u00fablico e privado, em todo o pa\u00eds. Restaurantes, bares, shoppings, clubes, condom\u00ednios ter\u00e3o que extinguir os chamados fum\u00f3dromos. Enquanto os estabelecimentos comerciais ser\u00e3o alvos de fiscaliza\u00e7\u00e3o com multas entre R$ 2 mil e R$ 1,5 milh\u00e3o, os fumantes n\u00e3o ser\u00e3o punidos.<\/p>\n<p style=\"text-align: justify;\">De acordo com a lei, ser\u00e1 permitido fumar em casa, em \u00e1reas ao ar livre, parques, pra\u00e7as, em \u00e1reas abertas de est\u00e1dios de futebol, em vias p\u00fablicas e em tabacarias voltadas para esse fim. A partir de agora, termina a publicidade at\u00e9 mesmo nos pontos de venda.<\/p>\n<p style=\"text-align: justify;\">A exposi\u00e7\u00e3o dos produtos \u00e9 permitida contanto que esteja acompanhada por mensagens sobre os males provocados pelo fumo.<\/p>\n<p style=\"text-align: justify;\">&#8211; Os fumantes n\u00e3o ser\u00e3o alvo de fiscaliza\u00e7\u00e3o. S\u00e3o os estabelecimentos comerciais que v\u00e3o garantir o ambiente livre do tabaco. Eles precisam orientar seus clientes, podendo chamar a Pol\u00edcia quando o cliente se recusar a apagar o cigarro.<\/p>\n<p style=\"text-align: justify;\">&#8211; Em casos de desrespeito \u00e0 lei, o estabelecimento pode receber advert\u00eancia, multa, ser interditado e ter a autoriza\u00e7\u00e3o cancelada para funcionamento, com o alvar\u00e1 de licenciamento suspenso.<\/p>\n<p>&#8211; As multas variam de R$ 2 mil a R$ 1,5 milh\u00e3o, dependendo da natureza da infra\u00e7\u00e3o, que pode ser leve, grave ou grav\u00edssima ou de reincid\u00eancias. As vigil\u00e2ncias sanit\u00e1rias dos estados e munic\u00edpios ficar\u00e3o encarregadas de fiscalizar.<\/p>\n<p style=\"text-align: justify;\">&#8211; De acordo com o Instituto Nacional de C\u00e2ncer (Inca) e Minist\u00e9rio da Sa\u00fade, o tabagismo passivo \u00e9 a terceira causa de morte evit\u00e1vel no mundo.<\/p>\n<p style=\"text-align: justify;\">&#8211; Um estudo de 2008, na Universidade Federal do Rio de Janeiro, mostrou que o tabagismo passivo custa aos cofres p\u00fablicos R$ 37 milh\u00f5es todos os anos. O Sistema \u00danico de Sa\u00fade gasta R$ 19,15 milh\u00f5es por ano com diagn\u00f3stico e tratamento de doen\u00e7as, e o INSS desembolsa mais de R$ 18 milh\u00f5es por ano com pens\u00f5es e benef\u00edcios relacionados ao fumo passivo.<\/p>\n<p style=\"text-align: justify;\">","protected":false},"excerpt":{"rendered":"<p>Os fumantes e estabelecimentos comerciais ter\u00e3o que mudar h\u00e1bitos a partir desta quarta-feira, data em que entra em vigor a Lei Antifumo. Fica proibido a partir de agora fumar em qualquer ambiente fechado, p\u00fablico e privado, em todo o pa\u00eds. Restaurantes, bares, shoppings, clubes, condom\u00ednios ter\u00e3o que extinguir os chamados fum\u00f3dromos. Enquanto os estabelecimentos comerciais<\/p>\n<div class=\"read-more-wrapper\"><a class=\"read-more\" href=\"https:\/\/www2.comunitaria.com.br\/en\/entra-em-vigor-em-todo-o-pais-a-lei-antifumo\/\" title=\"Read More\"> <span class=\"button\">Read More<\/span><\/a><\/div>","protected":false},"author":2,"featured_media":1068,"comment_status":"open","ping_status":"closed","sticky":false,"template":"","format":"standard","meta":{"ngg_post_thumbnail":0,"footnotes":""},"categories":[47,28,33,37],"tags":[302,281,303],"class_list":["post-1067","post","type-post","status-publish","format-standard","has-post-thumbnail","hentry","category-brasil","category-destaque","category-noticias","category-saude","tag-antifumo","tag-lei","tag-proibicao"],"amp_enabled":true,"_links":{"self":[{"href":"https:\/\/www2.comunitaria.com.br\/en\/wp-json\/wp\/v2\/posts\/1067","targetHints":{"allow":["GET"]}}],"collection":[{"href":"https:\/\/www2.comunitaria.com.br\/en\/wp-json\/wp\/v2\/posts"}],"about":[{"href":"https:\/\/www2.comunitaria.com.br\/en\/wp-json\/wp\/v2\/types\/post"}],"author":[{"embeddable":true,"href":"https:\/\/www2.comunitaria.com.br\/en\/wp-json\/wp\/v2\/users\/2"}],"replies":[{"embeddable":true,"href":"https:\/\/www2.comunitaria.com.br\/en\/wp-json\/wp\/v2\/comments?post=1067"}],"version-history":[{"count":0,"href":"https:\/\/www2.comunitaria.com.br\/en\/wp-json\/wp\/v2\/posts\/1067\/revisions"}],"wp:featuredmedia":[{"embeddable":true,"href":"https:\/\/www2.comunitaria.com.br\/en\/wp-json\/wp\/v2\/media\/1068"}],"wp:attachment":[{"href":"https:\/\/www2.comunitaria.com.br\/en\/wp-json\/wp\/v2\/media?parent=1067"}],"wp:term":[{"taxonomy":"category","embeddable":true,"href":"https:\/\/www2.comunitaria.com.br\/en\/wp-json\/wp\/v2\/categories?post=1067"},{"taxonomy":"post_tag","embeddable":true,"href":"https:\/\/www2.comunitaria.com.br\/en\/wp-json\/wp\/v2\/tags?post=1067"}],"curies":[{"name":"wp","href":"https:\/\/api.w.org\/{rel}","templated":true}]}}