{"id":10668,"date":"2015-11-08T19:37:13","date_gmt":"2015-11-08T21:37:13","guid":{"rendered":"http:\/\/www2.comunitaria.com.br\/?p=10668"},"modified":"2015-11-08T19:37:13","modified_gmt":"2015-11-08T21:37:13","slug":"uniao-frederiquense-renova-contrato-da-comissao-tecnica-e-anuncia-o-gerente-de-futebol","status":"publish","type":"post","link":"https:\/\/www2.comunitaria.com.br\/en\/uniao-frederiquense-renova-contrato-da-comissao-tecnica-e-anuncia-o-gerente-de-futebol\/","title":{"rendered":"Uni\u00e3o Frederiquense renova contrato da comiss\u00e3o t\u00e9cnica e anuncia o gerente de futebol"},"content":{"rendered":"<p style=\"text-align: justify;\">Diria o ditado, &#8220;em time que est\u00e1 ganhando, n\u00e3o se mexe&#8221;. Seguindo este conceito, o Uni\u00e3o Frederiquense confirmou a renova\u00e7\u00e3o de contrato da atual comiss\u00e3o t\u00e9cnica: o t\u00e9cnico Marcelo Caranhato, o preparador f\u00edsico Celio Pinheiro e o preparador de goleiros Dion Santos.<\/p>\n<p style=\"text-align: justify;\">&#8211; Foi um acerto muito tranquilo e que j\u00e1 estava bem encaminhado ainda antes de encerrar o Campeonato Valmir Louruz. Era nosso interesse a manuten\u00e7\u00e3o de um trabalho competente, de extremo comprometimento e vencedor &#8211; disse o Vice-Presidente de Futebol do clube, Celson Oliveira.<\/p>\n<p style=\"text-align: justify;\">O t\u00e9cnico Marcelo Caranhato tamb\u00e9m se mostrou bastante contente com a renova\u00e7\u00e3o, considerando que a dire\u00e7\u00e3o do clube entendeu a import\u00e2ncia de um trabalho a longo prazo e seus respectivos resultados.<\/p>\n<p style=\"text-align: justify;\">&#8211; Estou feliz em continuar em um clube de muita credibilidade e gerido por pessoas s\u00e9rias. Para um trabalho ter resultado positivo, como o que tivemos nesta temporada, somente dando tempo para que ele constantemente se alimente. Fico satisfeito com esse entendimento e espero que, juntamente com o restante da comiss\u00e3o t\u00e9cnica e atletas, possamos realizar uma grande Divis\u00e3o de Acesso &#8211; comentou o t\u00e9cnico.<\/p>\n<p style=\"text-align: justify;\"><strong>GERENTE DE FUTEBOL<\/strong><\/p>\n<p style=\"text-align: justify;\">Junto com a renova\u00e7\u00e3o da comiss\u00e3o t\u00e9cnica, o Uni\u00e3o Frederiquense tamb\u00e9m anunciou que estar\u00e1 reativando o cargo de Gerente de Futebol. E para preench\u00ea-lo, o clube acertou com Jos\u00e9 Damasceno.<\/p>\n<p style=\"text-align: justify;\">Natural de Pelotas e ex-atleta de futsal (defendeu a ACBF de Carlos Barbosa entre 1999 a 2001), Damasceno, 33 anos, recentemente trabalhou como gerente de futebol no Passo Fundo e no Juventus de Seara-SC, respectivamente no Gauch\u00e3o e na Divis\u00e3o de Acesso do estado vizinho, ambos em 2015.<\/p>\n<p style=\"text-align: justify;\">&#8211; Ser\u00e1 um enorme prazer trabalhar em um clube que vem crescendo e adquirindo respeito cada vez maior no futebol ga\u00facho. Estou ciente da responsabilidade, mas conhe\u00e7o as pessoas que trabalham na linha de frente do clube e n\u00e3o tenho d\u00favidas de que encaixaremos um belo trabalho &#8211; falou Damasceno.<\/p>\n<p style=\"text-align: justify;\">Jos\u00e9 Damasceno estar\u00e1 em Frederico Westphalen j\u00e1 na pr\u00f3xima semana e se reunir\u00e1 com a dire\u00e7\u00e3o do Uni\u00e3o para iniciar o planejamento visando a temporada do pr\u00f3ximo ano.<\/p>\n<p style=\"text-align: justify;\">&#8211; O tempo \u00e9 curto. Por isso, junto com dire\u00e7\u00e3o e comiss\u00e3o t\u00e9cnica, quanto antes come\u00e7armos a montagem do elenco, mais consistentes ficaremos &#8211; finalizou.<\/p>\n<p style=\"text-align: justify;\"><strong>Assessoria de Imprensa Uni\u00e3o Frederiquense<\/strong><\/p>","protected":false},"excerpt":{"rendered":"<p>Diria o ditado, &#8220;em time que est\u00e1 ganhando, n\u00e3o se mexe&#8221;. Seguindo este conceito, o Uni\u00e3o Frederiquense confirmou a renova\u00e7\u00e3o de contrato da atual comiss\u00e3o t\u00e9cnica: o t\u00e9cnico Marcelo Caranhato,&#8230;<\/p>","protected":false},"author":2,"featured_media":10677,"comment_status":"open","ping_status":"closed","sticky":false,"template":"","format":"standard","meta":{"ngg_post_thumbnail":0,"footnotes":""},"categories":[34,42,33,48],"tags":[1915,465,230,688],"class_list":["post-10668","post","type-post","status-publish","format-standard","has-post-thumbnail","hentry","category-esportes","category-fred-west","category-noticias","category-uniao-frederiquense","tag-comissao-tecnica","tag-esporte","tag-futebol","tag-uniao-frederiquense"],"amp_enabled":true,"_links":{"self":[{"href":"https:\/\/www2.comunitaria.com.br\/en\/wp-json\/wp\/v2\/posts\/10668","targetHints":{"allow":["GET"]}}],"collection":[{"href":"https:\/\/www2.comunitaria.com.br\/en\/wp-json\/wp\/v2\/posts"}],"about":[{"href":"https:\/\/www2.comunitaria.com.br\/en\/wp-json\/wp\/v2\/types\/post"}],"author":[{"embeddable":true,"href":"https:\/\/www2.comunitaria.com.br\/en\/wp-json\/wp\/v2\/users\/2"}],"replies":[{"embeddable":true,"href":"https:\/\/www2.comunitaria.com.br\/en\/wp-json\/wp\/v2\/comments?post=10668"}],"version-history":[{"count":0,"href":"https:\/\/www2.comunitaria.com.br\/en\/wp-json\/wp\/v2\/posts\/10668\/revisions"}],"wp:featuredmedia":[{"embeddable":true,"href":"https:\/\/www2.comunitaria.com.br\/en\/wp-json\/wp\/v2\/media\/10677"}],"wp:attachment":[{"href":"https:\/\/www2.comunitaria.com.br\/en\/wp-json\/wp\/v2\/media?parent=10668"}],"wp:term":[{"taxonomy":"category","embeddable":true,"href":"https:\/\/www2.comunitaria.com.br\/en\/wp-json\/wp\/v2\/categories?post=10668"},{"taxonomy":"post_tag","embeddable":true,"href":"https:\/\/www2.comunitaria.com.br\/en\/wp-json\/wp\/v2\/tags?post=10668"}],"curies":[{"name":"wp","href":"https:\/\/api.w.org\/{rel}","templated":true}]}}