{"id":10538,"date":"2015-11-05T16:17:49","date_gmt":"2015-11-05T18:17:49","guid":{"rendered":"http:\/\/www2.comunitaria.com.br\/?p=10538"},"modified":"2015-11-05T16:17:49","modified_gmt":"2015-11-05T18:17:49","slug":"vagas-de-ingresso-e-reingresso-na-ufsmfw","status":"publish","type":"post","link":"https:\/\/www2.comunitaria.com.br\/en\/vagas-de-ingresso-e-reingresso-na-ufsmfw\/","title":{"rendered":"Vagas de ingresso e reingresso na UFSM\/FW"},"content":{"rendered":"<p>O per\u00edodo de inscri\u00e7\u00f5es para ingresso, reingresso e transfer\u00eancia da UFSM se iniciaram nesta ter\u00e7a-feira e seguem at\u00e9 o dia 11. Em Frederico Westphalen, s\u00e3o seis cursos totalizando 242 vagas. Tamb\u00e9m h\u00e1 vagas em cinco cursos do campus de Palmeira das Miss\u00f5es, totalizando 78 vagas.<\/p>\n<p>A inscri\u00e7\u00e3o pode ser realizada pelo site www.ufsm.br, na aba \u201cIngresso\u201d, clicando em seguida em \u201cIngresso e Reingresso\u201d e &#8220;Processo Seletivo Ingresso ou Reingresso &#8211; 1\u00ba semestre 2016 &#8211; Edital 044\/2015&#8221;. O valor da taxa de inscri\u00e7\u00e3o \u00e9 R$37,00.<\/p>\n<p>Os classificados ser\u00e3o divulgados no dia 9 de dezembro.<\/p>\n<p>Acesse o <a href=\"http:\/\/site.ufsm.br\/arquivos\/uploaded\/editais\/6bfbffc6-4f96-4f11-a09e-8c5961c34fb7.pdf\" target=\"_blank\">edital <\/a>e obtenha mais informa\u00e7\u00f5es sobre os crit\u00e9rios espec\u00edficos de cada curso.<\/p>\n<p>Em caso de d\u00favidas, entre em contato com o Derca, de segunda a sexta, das 8h \u00e0s 12h e das 13h \u00e1s 17h, pelo telefone (55) 3220-8204, pelo e-mail derca@ufsm.br ou ainda pela\u00a0<a href=\"http:\/\/site.ufsm.br\/noticias\/exibir\/derca-divulga-edital-de-ingresso-e-reingresso\">fanpage do setor<\/a>.<\/p>\n<p>Confira a<strong> rela\u00e7\u00e3o completa<\/strong>:<\/p>\n<p><a href=\"http:\/\/www2.comunitaria.com.br\/wp-content\/uploads\/2015\/11\/0951f225-b95c-4649-8048-72d85a46eefe.png\"><img loading=\"lazy\" decoding=\"async\" class=\"wp-image-10539  alignleft\" src=\"http:\/\/www2.comunitaria.com.br\/wp-content\/uploads\/2015\/11\/0951f225-b95c-4649-8048-72d85a46eefe.png\" alt=\"0951f225-b95c-4649-8048-72d85a46eefe\" width=\"344\" height=\"459\" srcset=\"https:\/\/www2.comunitaria.com.br\/wp-content\/uploads\/2015\/11\/0951f225-b95c-4649-8048-72d85a46eefe.png 720w, https:\/\/www2.comunitaria.com.br\/wp-content\/uploads\/2015\/11\/0951f225-b95c-4649-8048-72d85a46eefe-225x300.png 225w\" sizes=\"auto, (max-width: 344px) 100vw, 344px\" \/><\/a><\/p>\n<p><a href=\"http:\/\/www2.comunitaria.com.br\/wp-content\/uploads\/2015\/11\/5d388559-59ac-4769-a6ba-763868a833b3.png\"><img loading=\"lazy\" decoding=\"async\" class=\"wp-image-10540  alignright\" src=\"http:\/\/www2.comunitaria.com.br\/wp-content\/uploads\/2015\/11\/5d388559-59ac-4769-a6ba-763868a833b3.png\" alt=\"5d388559-59ac-4769-a6ba-763868a833b3\" width=\"333\" height=\"444\" srcset=\"https:\/\/www2.comunitaria.com.br\/wp-content\/uploads\/2015\/11\/5d388559-59ac-4769-a6ba-763868a833b3.png 720w, https:\/\/www2.comunitaria.com.br\/wp-content\/uploads\/2015\/11\/5d388559-59ac-4769-a6ba-763868a833b3-225x300.png 225w\" sizes=\"auto, (max-width: 333px) 100vw, 333px\" \/><\/a><\/p>\n<p>&nbsp;<\/p>\n<p>&nbsp;<\/p>\n<p>&nbsp;<\/p>\n<p>&nbsp;<\/p>\n<p>&nbsp;<\/p>\n<p>&nbsp;<\/p>","protected":false},"excerpt":{"rendered":"<p>O per\u00edodo de inscri\u00e7\u00f5es para ingresso, reingresso e transfer\u00eancia da UFSM se iniciaram nesta ter\u00e7a-feira e seguem at\u00e9 o dia 11. Em Frederico Westphalen, s\u00e3o seis cursos totalizando 242 vagas. Tamb\u00e9m h\u00e1 vagas em cinco cursos do campus de Palmeira das Miss\u00f5es, totalizando 78 vagas. A inscri\u00e7\u00e3o pode ser realizada pelo site www.ufsm.br, na aba<\/p>\n<div class=\"read-more-wrapper\"><a class=\"read-more\" href=\"https:\/\/www2.comunitaria.com.br\/en\/vagas-de-ingresso-e-reingresso-na-ufsmfw\/\" title=\"Read More\"> <span class=\"button\">Read More<\/span><\/a><\/div>","protected":false},"author":2,"featured_media":10537,"comment_status":"open","ping_status":"closed","sticky":false,"template":"","format":"standard","meta":{"ngg_post_thumbnail":0,"footnotes":""},"categories":[44,42,33,43],"tags":[82,372,202,373,148],"class_list":["post-10538","post","type-post","status-publish","format-standard","has-post-thumbnail","hentry","category-educacao","category-fred-west","category-noticias","category-regiao","tag-frederico-westphalen","tag-ingresso","tag-palmeira-das-missoes","tag-reingresso","tag-ufsm"],"amp_enabled":true,"_links":{"self":[{"href":"https:\/\/www2.comunitaria.com.br\/en\/wp-json\/wp\/v2\/posts\/10538","targetHints":{"allow":["GET"]}}],"collection":[{"href":"https:\/\/www2.comunitaria.com.br\/en\/wp-json\/wp\/v2\/posts"}],"about":[{"href":"https:\/\/www2.comunitaria.com.br\/en\/wp-json\/wp\/v2\/types\/post"}],"author":[{"embeddable":true,"href":"https:\/\/www2.comunitaria.com.br\/en\/wp-json\/wp\/v2\/users\/2"}],"replies":[{"embeddable":true,"href":"https:\/\/www2.comunitaria.com.br\/en\/wp-json\/wp\/v2\/comments?post=10538"}],"version-history":[{"count":0,"href":"https:\/\/www2.comunitaria.com.br\/en\/wp-json\/wp\/v2\/posts\/10538\/revisions"}],"wp:featuredmedia":[{"embeddable":true,"href":"https:\/\/www2.comunitaria.com.br\/en\/wp-json\/wp\/v2\/media\/10537"}],"wp:attachment":[{"href":"https:\/\/www2.comunitaria.com.br\/en\/wp-json\/wp\/v2\/media?parent=10538"}],"wp:term":[{"taxonomy":"category","embeddable":true,"href":"https:\/\/www2.comunitaria.com.br\/en\/wp-json\/wp\/v2\/categories?post=10538"},{"taxonomy":"post_tag","embeddable":true,"href":"https:\/\/www2.comunitaria.com.br\/en\/wp-json\/wp\/v2\/tags?post=10538"}],"curies":[{"name":"wp","href":"https:\/\/api.w.org\/{rel}","templated":true}]}}