{"id":1047,"date":"2014-12-02T11:45:09","date_gmt":"2014-12-02T13:45:09","guid":{"rendered":"http:\/\/www2.comunitaria.com.br\/?p=1047"},"modified":"2014-12-02T11:47:47","modified_gmt":"2014-12-02T13:47:47","slug":"localizado-corpo-de-jovem-desaparecido-no-rio-guarita","status":"publish","type":"post","link":"https:\/\/www2.comunitaria.com.br\/en\/localizado-corpo-de-jovem-desaparecido-no-rio-guarita\/","title":{"rendered":"Localizado corpo de jovem desaparecido no Rio Guarita"},"content":{"rendered":"<p style=\"text-align: justify;\">Foi localizado por volta das 11h da manha desta ter\u00e7a-feira, dia 02, o corpo de Gean Negri, de 16 anos, <a href=\"http:\/\/www2.comunitaria.com.br\/en\/jovem-desaparece-nas-aguas-do-rio-guarita-em-palmitinho\/\">que estava desaparecido nas \u00e1guas do Rio Guarita<\/a>, na Linha Limeira, interior de Palmitinho, desde a tarde de\u00a0domingo dia, 30.<\/p>\n<p style=\"text-align: justify;\">Segundo informa\u00e7\u00f5es o corpo foi localizado pela equipe de mergulho de Passo Fundo distante 3 Km do local do afogamento.<\/p>\n<p style=\"text-align: justify;\">Gean Negri, e um grupo de amigos estariam nadando pr\u00f3ximo a esta\u00e7\u00e3o da Corsan, por volta das 16h45min, de domingo, dia 30, quando desapareceu na correnteza. O corpo do adolescente ser\u00e1 encaminhado para o Departamento M\u00e9dio Legal.<\/p>","protected":false},"excerpt":{"rendered":"<p>Foi localizado por volta das 11h da manha desta ter\u00e7a-feira, dia 02, o corpo de Gean Negri, de 16 anos, que estava desaparecido nas \u00e1guas do Rio Guarita, na Linha&#8230;<\/p>","protected":false},"author":2,"featured_media":1048,"comment_status":"open","ping_status":"closed","sticky":false,"template":"","format":"standard","meta":{"ngg_post_thumbnail":0,"footnotes":""},"categories":[28,33,36,43],"tags":[285,297,191,296],"class_list":["post-1047","post","type-post","status-publish","format-standard","has-post-thumbnail","hentry","category-destaque","category-noticias","category-policia","category-regiao","tag-afogamento","tag-localizado","tag-palmitinho","tag-rio-guarita"],"amp_enabled":true,"_links":{"self":[{"href":"https:\/\/www2.comunitaria.com.br\/en\/wp-json\/wp\/v2\/posts\/1047","targetHints":{"allow":["GET"]}}],"collection":[{"href":"https:\/\/www2.comunitaria.com.br\/en\/wp-json\/wp\/v2\/posts"}],"about":[{"href":"https:\/\/www2.comunitaria.com.br\/en\/wp-json\/wp\/v2\/types\/post"}],"author":[{"embeddable":true,"href":"https:\/\/www2.comunitaria.com.br\/en\/wp-json\/wp\/v2\/users\/2"}],"replies":[{"embeddable":true,"href":"https:\/\/www2.comunitaria.com.br\/en\/wp-json\/wp\/v2\/comments?post=1047"}],"version-history":[{"count":0,"href":"https:\/\/www2.comunitaria.com.br\/en\/wp-json\/wp\/v2\/posts\/1047\/revisions"}],"wp:featuredmedia":[{"embeddable":true,"href":"https:\/\/www2.comunitaria.com.br\/en\/wp-json\/wp\/v2\/media\/1048"}],"wp:attachment":[{"href":"https:\/\/www2.comunitaria.com.br\/en\/wp-json\/wp\/v2\/media?parent=1047"}],"wp:term":[{"taxonomy":"category","embeddable":true,"href":"https:\/\/www2.comunitaria.com.br\/en\/wp-json\/wp\/v2\/categories?post=1047"},{"taxonomy":"post_tag","embeddable":true,"href":"https:\/\/www2.comunitaria.com.br\/en\/wp-json\/wp\/v2\/tags?post=1047"}],"curies":[{"name":"wp","href":"https:\/\/api.w.org\/{rel}","templated":true}]}}