{"id":10446,"date":"2015-11-04T09:18:06","date_gmt":"2015-11-04T11:18:06","guid":{"rendered":"http:\/\/www2.comunitaria.com.br\/?p=10446"},"modified":"2015-11-04T09:20:01","modified_gmt":"2015-11-04T11:20:01","slug":"sub-17-do-uniao-frederiquense-esta-fora-do-estadual-juvenil-b","status":"publish","type":"post","link":"https:\/\/www2.comunitaria.com.br\/en\/sub-17-do-uniao-frederiquense-esta-fora-do-estadual-juvenil-b\/","title":{"rendered":"Sub-17 do Uni\u00e3o Frederiquense est\u00e1 fora do Estadual Juvenil B"},"content":{"rendered":"<p style=\"text-align: justify;\">O Uni\u00e3o Frederiquense est\u00e1 fora do Gauch\u00e3o Juvenil-B. Embora classificado na primeira coloca\u00e7\u00e3o de sua chave para as quartas-de-final da competi\u00e7\u00e3o, o clube infringiu o regulamento e, em julgamento na tarde de ter\u00e7a-feira, 3, no TJD-RS, acabou sendo punido com a elimina\u00e7\u00e3o do campeonato.<\/p>\n<p style=\"text-align: justify;\"><strong>ENTENDA O CASO<\/strong><\/p>\n<p style=\"text-align: justify;\">O Uni\u00e3o Frederiquense disputou o Gauch\u00e3o Juvenil-A e, eliminado na primeira fase desta competi\u00e7\u00e3o, automaticamente migrou para a segunda fase do Gauch\u00e3o Juvenil-B. Entretanto, clubes que disputaram a competi\u00e7\u00e3o &#8220;A&#8221; n\u00e3o poderiam ter usado atletas nascidos em 1998 na competi\u00e7\u00e3o &#8220;B&#8221;, sendo permitido apenas o uso de atletas nascidos em 1999.<\/p>\n<p style=\"text-align: justify;\">Tal situa\u00e7\u00e3o descrita em regulamento n\u00e3o foi atentada pela coordena\u00e7\u00e3o de base do clube e, desta forma, o Uni\u00e3o foi a julgamento na tarde de ter\u00e7a-feira, 3, sendo punido com a perda de 3 pontos por jogo (foram oito partidas disputadas), juntamente com os pontos somados durante a segunda fase. Al\u00e9m disso, foi imposta uma multa de R$ 100,00 por jogo, totalizando R$ 800,00.<\/p>\n<p style=\"text-align: justify;\">Aimor\u00e9 e Cruzeiro tamb\u00e9m foram julgados pelo mesmo fato e, assim como o Uni\u00e3o Frederiquense, ambos foram desclassificados da competi\u00e7\u00e3o. O Uni\u00e3o n\u00e3o ir\u00e1 recorrer da decis\u00e3o ocorrida no julgamento.<\/p>\n<p style=\"text-align: justify;\"><strong>Foto: O Alto Uruguai<\/strong><\/p>\n<p style=\"text-align: justify;\"><strong>AI &#8211; Uni\u00e3o Frederiquense<\/strong><\/p>\n<p>&nbsp;<\/p>","protected":false},"excerpt":{"rendered":"<p>O Uni\u00e3o Frederiquense est\u00e1 fora do Gauch\u00e3o Juvenil-B. Embora classificado na primeira coloca\u00e7\u00e3o de sua chave para as quartas-de-final da competi\u00e7\u00e3o, o clube infringiu o regulamento e, em julgamento na&#8230;<\/p>","protected":false},"author":2,"featured_media":10447,"comment_status":"open","ping_status":"closed","sticky":false,"template":"","format":"standard","meta":{"ngg_post_thumbnail":0,"footnotes":""},"categories":[34,42,33,48],"tags":[138,1892,465,688,1891],"class_list":["post-10446","post","type-post","status-publish","format-standard","has-post-thumbnail","hentry","category-esportes","category-fred-west","category-noticias","category-uniao-frederiquense","tag-campeonato","tag-eliminado","tag-esporte","tag-uniao-frederiquense","tag-uniao-sub-17"],"amp_enabled":true,"_links":{"self":[{"href":"https:\/\/www2.comunitaria.com.br\/en\/wp-json\/wp\/v2\/posts\/10446","targetHints":{"allow":["GET"]}}],"collection":[{"href":"https:\/\/www2.comunitaria.com.br\/en\/wp-json\/wp\/v2\/posts"}],"about":[{"href":"https:\/\/www2.comunitaria.com.br\/en\/wp-json\/wp\/v2\/types\/post"}],"author":[{"embeddable":true,"href":"https:\/\/www2.comunitaria.com.br\/en\/wp-json\/wp\/v2\/users\/2"}],"replies":[{"embeddable":true,"href":"https:\/\/www2.comunitaria.com.br\/en\/wp-json\/wp\/v2\/comments?post=10446"}],"version-history":[{"count":0,"href":"https:\/\/www2.comunitaria.com.br\/en\/wp-json\/wp\/v2\/posts\/10446\/revisions"}],"wp:featuredmedia":[{"embeddable":true,"href":"https:\/\/www2.comunitaria.com.br\/en\/wp-json\/wp\/v2\/media\/10447"}],"wp:attachment":[{"href":"https:\/\/www2.comunitaria.com.br\/en\/wp-json\/wp\/v2\/media?parent=10446"}],"wp:term":[{"taxonomy":"category","embeddable":true,"href":"https:\/\/www2.comunitaria.com.br\/en\/wp-json\/wp\/v2\/categories?post=10446"},{"taxonomy":"post_tag","embeddable":true,"href":"https:\/\/www2.comunitaria.com.br\/en\/wp-json\/wp\/v2\/tags?post=10446"}],"curies":[{"name":"wp","href":"https:\/\/api.w.org\/{rel}","templated":true}]}}