{"id":1042,"date":"2014-12-02T05:58:24","date_gmt":"2014-12-02T07:58:24","guid":{"rendered":"http:\/\/www2.comunitaria.com.br\/?p=1042"},"modified":"2014-12-02T14:43:39","modified_gmt":"2014-12-02T16:43:39","slug":"gauchao-2015-uniao-estreia-contra-o-gremio-na-arena","status":"publish","type":"post","link":"https:\/\/www2.comunitaria.com.br\/en\/gauchao-2015-uniao-estreia-contra-o-gremio-na-arena\/","title":{"rendered":"Gauch\u00e3o 2015: Uni\u00e3o estreia contra o Gr\u00eamio, na Arena"},"content":{"rendered":"<p style=\"text-align: justify;\">Em congresso t\u00e9cnico realizado na tarde desta segunda, dia primeiro, na sede da Federa\u00e7\u00e3o Ga\u00facha de Futebol, o Uni\u00e3o Frederiquense conheceu sua tabela para o Gauch\u00e3o 2015.<\/p>\n<p>A competi\u00e7\u00e3o ser\u00e1 disputada em turno \u00fanico, todos contra todos, e os oito melhores clubes classificados passam \u00e0s quartas-de-final, que ser\u00e1 em jogo \u00fanico, no formato 1\u00bax8\u00ba, 2\u00bax7\u00ba, 3\u00bax6\u00ba e 4\u00bax5\u00ba. As semifinais e a final ser\u00e1 disputada em jogos de ida e volta. Os tr\u00eas piores clubes da classifica\u00e7\u00e3o geral ser\u00e3o rebaixados para a Divis\u00e3o de Acesso de 2016.<\/p>\n<p><strong>Confira os jogos do Le\u00e3o da Colina:<\/strong><\/p>\n<p>1\u00aa rodada &#8211; 01\/02 &#8211; domingo &#8211; Gr\u00eamio x Uni\u00e3o Frederiquense (Arena Gr\u00eamio);<br \/>\n2\u00aa rodada &#8211; 04\/02 &#8211; quarta &#8211; Uni\u00e3o Frederiquense x Caxias (local a confirmar);<br \/>\n3\u00aa rodada &#8211; 08\/02 &#8211; domingo &#8211; Uni\u00e3o Frederiquense x S\u00e3o Jos\u00e9 (Vermelh\u00e3o da Colina);<br \/>\n4\u00aa rodada &#8211; 11\/02 &#8211; quarta &#8211; Novo Hamburgo x Uni\u00e3o Frederiquense (Est\u00e1dio do Vale);<br \/>\n5\u00aa rodada &#8211; 14\/02 &#8211; s\u00e1bado &#8211; Ypiranga x Uni\u00e3o Frederiquense (Colosso da Lagoa);<br \/>\n6\u00aa rodada &#8211; 22\/02 &#8211; domingo &#8211; Uni\u00e3o Frederiquense x Lajeadense (Vermelh\u00e3o da Colina);<br \/>\n7\u00aa rodada &#8211; 01\/03 &#8211; domingo &#8211; Uni\u00e3o Frederiquense x S\u00e3o Paulo (Vermelh\u00e3o da Colina);<br \/>\n8\u00aa rodada &#8211; 08\/03 &#8211; domingo &#8211; Cruzeiro x Uni\u00e3o Frederiquense (Vieir\u00e3o);<br \/>\n9\u00aa rodada &#8211; 11\/03 &#8211; quarta &#8211; Brasil-Pe x Uni\u00e3o Frederiquense (Bento Freitas);<br \/>\n10\u00aa rodada &#8211; 15\/03 &#8211; domingo &#8211; Uni\u00e3o Frederiquense x Juventude (Vermelh\u00e3o da Colina);<br \/>\n11\u00aa rodada &#8211; 22\/03 &#8211; domingo &#8211; Uni\u00e3o Frederiquense x Aimor\u00e9 (Vermelh\u00e3o da Colina);<br \/>\n12\u00aa rodada &#8211; 25\/03 &#8211; quarta &#8211; Avenida x Uni\u00e3o Frederiquense (Eucaliptos);<br \/>\n13\u00aa rodada &#8211; 29\/03 &#8211; domingo &#8211; Passo Fundo x Uni\u00e3o Frederiquense (Vermelh\u00e3o da Serra);<br \/>\n14\u00aa rodada &#8211; 05\/04 &#8211; domingo &#8211; Uni\u00e3o Frederiquense x Internacional (Vermelh\u00e3o da Colina);<br \/>\n15\u00aa rodada &#8211; 08\/04 &#8211; quarta &#8211; Veran\u00f3polis x Uni\u00e3o Frederiquense (Ant\u00f4nio David Farina)<\/p>\n<p>Em entrevista para a R\u00e1dio Comunit\u00e1ria, na manh\u00e3 desta ter\u00e7a-feira, o Diretor de Futebol do Uni\u00e3o, Celson Oliveira disse que \u00e9 dif\u00edcil avaliar a tabela dos confrontos, mas que a equipe esta preparada para lutar ente os melhores do estado. O uni\u00e3o ter\u00e1 6 jogos em casa e esse \u00e9 um ponto positivo que destaca Oliveira.<\/p>\n<audio class=\"wp-audio-shortcode\" id=\"audio-1042-1\" preload=\"none\" style=\"width: 100%;\" controls=\"controls\"><source type=\"audio\/mpeg\" src=\"http:\/\/www2.comunitaria.com.br\/wp-content\/uploads\/2014\/12\/celso-01.mp3?_=1\" \/><a href=\"http:\/\/www2.comunitaria.com.br\/wp-content\/uploads\/2014\/12\/celso-01.mp3\">http:\/\/www2.comunitaria.com.br\/wp-content\/uploads\/2014\/12\/celso-01.mp3<\/a><\/audio>\n<p>Sobre a perda de mando de campo em que o Uni\u00e3o foi penalizado, pelo caso da pedrada na torcedora do Brasil de Farroupilha, Celson revela que provavelmente o jogo ser\u00e1 em Panambi.<\/p>\n<audio class=\"wp-audio-shortcode\" id=\"audio-1042-2\" preload=\"none\" style=\"width: 100%;\" controls=\"controls\"><source type=\"audio\/mpeg\" src=\"http:\/\/www2.comunitaria.com.br\/wp-content\/uploads\/2014\/12\/celso-02.mp3?_=2\" \/><a href=\"http:\/\/www2.comunitaria.com.br\/wp-content\/uploads\/2014\/12\/celso-02.mp3\">http:\/\/www2.comunitaria.com.br\/wp-content\/uploads\/2014\/12\/celso-02.mp3<\/a><\/audio>\n<p>A equipe do Uni\u00e3o deve ser apresentada no dia 15 desse m\u00eas, at\u00e9 l\u00e1 Oliveira afirma que novos jogadores s\u00f3 ser\u00e3o anunciados se contratados, e h\u00e1 dificuldades para isso.<\/p>\n<audio class=\"wp-audio-shortcode\" id=\"audio-1042-3\" preload=\"none\" style=\"width: 100%;\" controls=\"controls\"><source type=\"audio\/mpeg\" src=\"http:\/\/www2.comunitaria.com.br\/wp-content\/uploads\/2014\/12\/celso-03.mp3?_=3\" \/><a href=\"http:\/\/www2.comunitaria.com.br\/wp-content\/uploads\/2014\/12\/celso-03.mp3\">http:\/\/www2.comunitaria.com.br\/wp-content\/uploads\/2014\/12\/celso-03.mp3<\/a><\/audio>\n<p>&nbsp;<\/p>","protected":false},"excerpt":{"rendered":"<p>Em congresso t\u00e9cnico realizado na tarde desta segunda, dia primeiro, na sede da Federa\u00e7\u00e3o Ga\u00facha de Futebol, o Uni\u00e3o Frederiquense conheceu sua tabela para o Gauch\u00e3o 2015. A competi\u00e7\u00e3o ser\u00e1&#8230;<\/p>","protected":false},"author":2,"featured_media":1043,"comment_status":"open","ping_status":"closed","sticky":false,"template":"","format":"standard","meta":{"ngg_post_thumbnail":0,"footnotes":""},"categories":[51,34,42,28,33,48],"tags":[295,230,124,294,171],"class_list":["post-1042","post","type-post","status-publish","format-standard","has-post-thumbnail","hentry","category-audio","category-esportes","category-fred-west","category-destaque","category-noticias","category-uniao-frederiquense","tag-estreia","tag-futebol","tag-gauchao-2015","tag-gremio","tag-uniao"],"amp_enabled":true,"_links":{"self":[{"href":"https:\/\/www2.comunitaria.com.br\/en\/wp-json\/wp\/v2\/posts\/1042","targetHints":{"allow":["GET"]}}],"collection":[{"href":"https:\/\/www2.comunitaria.com.br\/en\/wp-json\/wp\/v2\/posts"}],"about":[{"href":"https:\/\/www2.comunitaria.com.br\/en\/wp-json\/wp\/v2\/types\/post"}],"author":[{"embeddable":true,"href":"https:\/\/www2.comunitaria.com.br\/en\/wp-json\/wp\/v2\/users\/2"}],"replies":[{"embeddable":true,"href":"https:\/\/www2.comunitaria.com.br\/en\/wp-json\/wp\/v2\/comments?post=1042"}],"version-history":[{"count":0,"href":"https:\/\/www2.comunitaria.com.br\/en\/wp-json\/wp\/v2\/posts\/1042\/revisions"}],"wp:featuredmedia":[{"embeddable":true,"href":"https:\/\/www2.comunitaria.com.br\/en\/wp-json\/wp\/v2\/media\/1043"}],"wp:attachment":[{"href":"https:\/\/www2.comunitaria.com.br\/en\/wp-json\/wp\/v2\/media?parent=1042"}],"wp:term":[{"taxonomy":"category","embeddable":true,"href":"https:\/\/www2.comunitaria.com.br\/en\/wp-json\/wp\/v2\/categories?post=1042"},{"taxonomy":"post_tag","embeddable":true,"href":"https:\/\/www2.comunitaria.com.br\/en\/wp-json\/wp\/v2\/tags?post=1042"}],"curies":[{"name":"wp","href":"https:\/\/api.w.org\/{rel}","templated":true}]}}