{"id":10302,"date":"2015-10-30T16:29:58","date_gmt":"2015-10-30T18:29:58","guid":{"rendered":"http:\/\/www2.comunitaria.com.br\/?p=10302"},"modified":"2015-10-30T16:29:58","modified_gmt":"2015-10-30T18:29:58","slug":"atividades-do-dia-do-comerciario-sao-canceladas-devido-a-previsao-do-tempo","status":"publish","type":"post","link":"https:\/\/www2.comunitaria.com.br\/en\/atividades-do-dia-do-comerciario-sao-canceladas-devido-a-previsao-do-tempo\/","title":{"rendered":"Atividades do Dia do Comerci\u00e1rio s\u00e3o canceladas devido \u00e0 previs\u00e3o do tempo"},"content":{"rendered":"<p style=\"text-align: justify;\">Em comemora\u00e7\u00e3o ao Dia do Comerci\u00e1rio o\u00a0Sistema Fecom\u00e9rcio-RS\/Sesc organizou diferentes atividades que seriam realizadas na Pra\u00e7a da Matriz de Frederico Westphalen neste s\u00e1bado, 31. No entanto, devido a possibilidade de chuva todas as atividades foram canceladas, inclusive o show com a banda Rock de Galp\u00e3o.<\/p>\n<p style=\"text-align: justify;\">De acordo com os organizadores, est\u00e1 sendo realizado um levantamento para uma poss\u00edvel transfer\u00eancia das atividades para o m\u00eas de dezembro. O <a href=\"http:\/\/www2.comunitaria.com.br\/en\/paulinho-mixaria-diverte-os-frederiquenses\/\" target=\"_blank\">show com o humorista Paulinho Mixaria<\/a> realizado na noite de ontem, 29,\u00a0foi\u00a0dos eventos organizados em\u00a0comemora\u00e7\u00e3o do Dia do Comerci\u00e1rio e\u00a0contou com um grande p\u00fablico.<\/p>","protected":false},"excerpt":{"rendered":"<p>Em comemora\u00e7\u00e3o ao Dia do Comerci\u00e1rio o\u00a0Sistema Fecom\u00e9rcio-RS\/Sesc organizou diferentes atividades que seriam realizadas na Pra\u00e7a da Matriz de Frederico Westphalen neste s\u00e1bado, 31. No entanto, devido a possibilidade de chuva todas as atividades foram canceladas, inclusive o show com a banda Rock de Galp\u00e3o. De acordo com os organizadores, est\u00e1 sendo realizado um levantamento<\/p>\n<div class=\"read-more-wrapper\"><a class=\"read-more\" href=\"https:\/\/www2.comunitaria.com.br\/en\/atividades-do-dia-do-comerciario-sao-canceladas-devido-a-previsao-do-tempo\/\" title=\"Read More\"> <span class=\"button\">Read More<\/span><\/a><\/div>","protected":false},"author":2,"featured_media":10303,"comment_status":"open","ping_status":"closed","sticky":false,"template":"","format":"standard","meta":{"ngg_post_thumbnail":0,"footnotes":""},"categories":[42,33,35],"tags":[1876,1605,1766,1165],"class_list":["post-10302","post","type-post","status-publish","format-standard","has-post-thumbnail","hentry","category-fred-west","category-noticias","category-variedades","tag-atividades","tag-comemoracao","tag-dia-do-comerciario","tag-variedades"],"amp_enabled":true,"_links":{"self":[{"href":"https:\/\/www2.comunitaria.com.br\/en\/wp-json\/wp\/v2\/posts\/10302","targetHints":{"allow":["GET"]}}],"collection":[{"href":"https:\/\/www2.comunitaria.com.br\/en\/wp-json\/wp\/v2\/posts"}],"about":[{"href":"https:\/\/www2.comunitaria.com.br\/en\/wp-json\/wp\/v2\/types\/post"}],"author":[{"embeddable":true,"href":"https:\/\/www2.comunitaria.com.br\/en\/wp-json\/wp\/v2\/users\/2"}],"replies":[{"embeddable":true,"href":"https:\/\/www2.comunitaria.com.br\/en\/wp-json\/wp\/v2\/comments?post=10302"}],"version-history":[{"count":0,"href":"https:\/\/www2.comunitaria.com.br\/en\/wp-json\/wp\/v2\/posts\/10302\/revisions"}],"wp:featuredmedia":[{"embeddable":true,"href":"https:\/\/www2.comunitaria.com.br\/en\/wp-json\/wp\/v2\/media\/10303"}],"wp:attachment":[{"href":"https:\/\/www2.comunitaria.com.br\/en\/wp-json\/wp\/v2\/media?parent=10302"}],"wp:term":[{"taxonomy":"category","embeddable":true,"href":"https:\/\/www2.comunitaria.com.br\/en\/wp-json\/wp\/v2\/categories?post=10302"},{"taxonomy":"post_tag","embeddable":true,"href":"https:\/\/www2.comunitaria.com.br\/en\/wp-json\/wp\/v2\/tags?post=10302"}],"curies":[{"name":"wp","href":"https:\/\/api.w.org\/{rel}","templated":true}]}}