{"id":10198,"date":"2015-10-29T15:25:22","date_gmt":"2015-10-29T17:25:22","guid":{"rendered":"http:\/\/www2.comunitaria.com.br\/?p=10198"},"modified":"2015-10-29T15:25:22","modified_gmt":"2015-10-29T17:25:22","slug":"acvermau-entrega-documento-a-governador-pedindo-reparo-de-rodovias-da-regiao","status":"publish","type":"post","link":"https:\/\/www2.comunitaria.com.br\/en\/acvermau-entrega-documento-a-governador-pedindo-reparo-de-rodovias-da-regiao\/","title":{"rendered":"Acvermau entrega documento a Governador pedindo reparo de rodovias da regi\u00e3o"},"content":{"rendered":"<div class=\"notdescricao rvfs-4\" data-rvfs=\"4\">\n<p style=\"text-align: justify;\">Com o objetivo de buscar opera\u00e7\u00f5es tapa-buracos, lideran\u00e7as de Frederico Westphalen, em nome da Associa\u00e7\u00e3o das C\u00e2maras de Vereadores do M\u00e9dio e Alto Uruguai (Acvermau), entregaram ao governador Jos\u00e9 Ivo Sartori documento solicitando obras de reparo em rodovias da regi\u00e3o. A solicita\u00e7\u00e3o ocorreu no fim da tarde de segunda-feira, 26, no Pal\u00e1cio Piratini, em Porto Alegre. \u201cS\u00f3 tapa-buracos que voc\u00eas est\u00e3o pedindo?\u201d, respondeu Sartori, bem humorado.<\/p>\n<p style=\"text-align: justify;\">A situa\u00e7\u00e3o se agravou principalmente ap\u00f3s as chuvas do \u00faltimo inverno e do in\u00edcio desta primavera. As obras foram pedidas para a ERS-591, trecho que liga Frederico Westphalen ao Distrito de Castelinho; ERS-150, trecho entre FW e Vicente Dutra; ERS-472, entre o Distrito de Osvaldo Cruz e o munic\u00edpio de Palmitinho; ERS-585, entre Seberi e Erval Seco; ERS-587, entre Seberi e Rodeio Bonito; e a ERS-324, entre Ira\u00ed e Planalto.<\/p>\n<p style=\"text-align: justify;\"><strong>Cristiane Luza\/Folha do Noroeste<\/strong><\/p>\n<\/div>","protected":false},"excerpt":{"rendered":"<p>Com o objetivo de buscar opera\u00e7\u00f5es tapa-buracos, lideran\u00e7as de Frederico Westphalen, em nome da Associa\u00e7\u00e3o das C\u00e2maras de Vereadores do M\u00e9dio e Alto Uruguai (Acvermau), entregaram ao governador Jos\u00e9 Ivo&#8230;<\/p>","protected":false},"author":2,"featured_media":10199,"comment_status":"open","ping_status":"closed","sticky":false,"template":"","format":"standard","meta":{"ngg_post_thumbnail":0,"footnotes":""},"categories":[33,38,43],"tags":[1866,206,1419],"class_list":["post-10198","post","type-post","status-publish","format-standard","has-post-thumbnail","hentry","category-noticias","category-politica","category-regiao","tag-acvermau","tag-governo","tag-rodovias"],"amp_enabled":true,"_links":{"self":[{"href":"https:\/\/www2.comunitaria.com.br\/en\/wp-json\/wp\/v2\/posts\/10198","targetHints":{"allow":["GET"]}}],"collection":[{"href":"https:\/\/www2.comunitaria.com.br\/en\/wp-json\/wp\/v2\/posts"}],"about":[{"href":"https:\/\/www2.comunitaria.com.br\/en\/wp-json\/wp\/v2\/types\/post"}],"author":[{"embeddable":true,"href":"https:\/\/www2.comunitaria.com.br\/en\/wp-json\/wp\/v2\/users\/2"}],"replies":[{"embeddable":true,"href":"https:\/\/www2.comunitaria.com.br\/en\/wp-json\/wp\/v2\/comments?post=10198"}],"version-history":[{"count":0,"href":"https:\/\/www2.comunitaria.com.br\/en\/wp-json\/wp\/v2\/posts\/10198\/revisions"}],"wp:featuredmedia":[{"embeddable":true,"href":"https:\/\/www2.comunitaria.com.br\/en\/wp-json\/wp\/v2\/media\/10199"}],"wp:attachment":[{"href":"https:\/\/www2.comunitaria.com.br\/en\/wp-json\/wp\/v2\/media?parent=10198"}],"wp:term":[{"taxonomy":"category","embeddable":true,"href":"https:\/\/www2.comunitaria.com.br\/en\/wp-json\/wp\/v2\/categories?post=10198"},{"taxonomy":"post_tag","embeddable":true,"href":"https:\/\/www2.comunitaria.com.br\/en\/wp-json\/wp\/v2\/tags?post=10198"}],"curies":[{"name":"wp","href":"https:\/\/api.w.org\/{rel}","templated":true}]}}