{"id":10117,"date":"2015-10-29T08:21:58","date_gmt":"2015-10-29T10:21:58","guid":{"rendered":"http:\/\/www2.comunitaria.com.br\/?p=10117"},"modified":"2015-10-29T08:23:52","modified_gmt":"2015-10-29T10:23:52","slug":"estao-em-andamento-as-obras-da-galeria-pluvial-no-bairro-ipiranga","status":"publish","type":"post","link":"https:\/\/www2.comunitaria.com.br\/en\/estao-em-andamento-as-obras-da-galeria-pluvial-no-bairro-ipiranga\/","title":{"rendered":"Est\u00e3o em andamento as obras da galeria pluvial no Bairro Ipiranga"},"content":{"rendered":"<p style=\"text-align: justify;\">O Bairro Ipiranga sofre com constantes alagamentos, prejudicando moradores e a estrutura do Clube Ipiranga. Para solucionar o problema desse longo per\u00edodo de preju\u00edzos \u00e9 que a atual Administra\u00e7\u00e3o Municipal est\u00e1 empenhada com a obra da Galeria Pluvial do Bairro Ipiranga. Na semana passada foram depositadas as pe\u00e7as da galeria, que ser\u00e1 executada em concreto armado, em pe\u00e7as pr\u00e9-moldadas para dar agilidade a constru\u00e7\u00e3o.<\/p>\n<p style=\"text-align: justify;\">Na manh\u00e3 dessa quarta-feira, 28, o prefeito municipal, Roberto Felin Junior, juntamente com a equipe da Administra\u00e7\u00e3o Municipal e o Presidente do Clube Ipiranga, Jos\u00e9 Bossoni, estiveram no local acompanhando os trabalhos de abertura de valas e instala\u00e7\u00e3o dos primeiros tubos da galeria pluvial.<\/p>\n<p style=\"text-align: justify;\">\u201cN\u00f3s colocamos como prioridade resolver essa demanda, que n\u00e3o \u00e9 s\u00f3 somente do Ipiranga, mas que \u00e9, de certa forma, o in\u00edcio para resolver um grande problema da cidade. Atendendo o Bairro Ipiranga e tamb\u00e9m o Bairro Aparecida, n\u00f3s ficamos satisfeitos em sanar dois problemas grandes e hist\u00f3ricos de drenagem dentro do munic\u00edpio\u201d comenta o prefeito municipal.<\/p>\n<p style=\"text-align: justify;\"><strong>A OBRA<\/strong><\/p>\n<p style=\"text-align: justify;\">Ser\u00e3o instalados no local 150 metros lineares de galeria em pedra dupla, com concreto armado entre as jun\u00e7\u00f5es das pedras, mais 24 metros de tubos de 80 cm de di\u00e2metro, 178 metros em tubos de 100 cm de di\u00e2metro, 113 metros de tubos de 150 cm de di\u00e2metro e 8 caixas tipo boca de lobo. Toda pavimenta\u00e7\u00e3o removida para execu\u00e7\u00e3o dos servi\u00e7os ser\u00e1 refeita.<\/p>\n<p style=\"text-align: justify;\">A galeria do Ipiranga ter\u00e1 in\u00edcio no bueiro da travessia existente na BR 386, localizado atr\u00e1s do Parque do Clube Ipiranga, percorrendo 90 metros em dire\u00e7\u00e3o ao trevo, mudando a dire\u00e7\u00e3o por um \u00e2ngulo de 90 graus, e percorrendo a Rua Tenente Lira, com uma metragem de 60 metros, at\u00e9 o entroncamento da Rua Tenente Lira com Olavo Bilac.<\/p>\n<p style=\"text-align: justify;\">As esquinas das Ruas Arthur Milani com Olavo Bilac e Arthur Milani com a Piratini, receber\u00e3o duas caixas boca de lobo (cada), interligadas por tubos em concreto armado, com 80 cm de di\u00e2metro. O escoamento da capta\u00e7\u00e3o dessas caixas se dar\u00e1 pelas Ruas Olavo Bilac e Piratini, que receber\u00e3o tubos em concreto armado, de 100 cm de di\u00e2metro.<\/p>\n<p style=\"text-align: justify;\">No entroncamento das Ruas Tenente Lira e Piratini, ser\u00e3o executadas mais 3 caixas, tipo boca de lobo, e o escoamento proveniente desta capta\u00e7\u00e3o ser\u00e1 executado em tubos de concreto armado, com 150 cm de di\u00e2metro, desembocando na galeria.<\/p>\n<p style=\"text-align: justify;\">De acordo com o Engenheiro Civil da Prefeitura Municipal, F\u00e1bio Juliano Vanzin, \u201ca import\u00e2ncia dessa galeria \u00e9 que ir\u00e1 escoar toda a \u00e1gua que retorna da BR 386 e da bacia de contribui\u00e7\u00e3o do Bairro Ipiranga. A galeria vai \u201cdesafogar\u201d toda parte pluvial daquela regi\u00e3o, pois toda vez que ocorrem chuvas torrenciais, os alagamentos ali s\u00e3o grandes e tudo isso ser\u00e1 sanado com a instala\u00e7\u00e3o da galeria\u201d.<\/p>\n<p style=\"text-align: justify;\">A obra ter\u00e1 um investimento total de R$ 593 mil, sendo que R$ 493 mil s\u00e3o provenientes de repasse Minist\u00e9rio das Cidades, atrav\u00e9s da emenda parlamentar do Deputado Enio Bacci, e R$ 100 mil de contrapartida do munic\u00edpio.<\/p>\n<p style=\"text-align: justify;\"><strong>ASCOM Prefeitura Municipal de FW<\/strong><\/p>","protected":false},"excerpt":{"rendered":"<p>O Bairro Ipiranga sofre com constantes alagamentos, prejudicando moradores e a estrutura do Clube Ipiranga. Para solucionar o problema desse longo per\u00edodo de preju\u00edzos \u00e9 que a atual Administra\u00e7\u00e3o Municipal&#8230;<\/p>","protected":false},"author":2,"featured_media":10118,"comment_status":"open","ping_status":"closed","sticky":false,"template":"","format":"standard","meta":{"ngg_post_thumbnail":0,"footnotes":""},"categories":[42,33],"tags":[1858,82,1857,720,226],"class_list":["post-10117","post","type-post","status-publish","format-standard","has-post-thumbnail","hentry","category-fred-west","category-noticias","tag-bairro-ipiranga","tag-frederico-westphalen","tag-galeria-pluvial","tag-obras","tag-prefeitura"],"amp_enabled":true,"_links":{"self":[{"href":"https:\/\/www2.comunitaria.com.br\/en\/wp-json\/wp\/v2\/posts\/10117","targetHints":{"allow":["GET"]}}],"collection":[{"href":"https:\/\/www2.comunitaria.com.br\/en\/wp-json\/wp\/v2\/posts"}],"about":[{"href":"https:\/\/www2.comunitaria.com.br\/en\/wp-json\/wp\/v2\/types\/post"}],"author":[{"embeddable":true,"href":"https:\/\/www2.comunitaria.com.br\/en\/wp-json\/wp\/v2\/users\/2"}],"replies":[{"embeddable":true,"href":"https:\/\/www2.comunitaria.com.br\/en\/wp-json\/wp\/v2\/comments?post=10117"}],"version-history":[{"count":0,"href":"https:\/\/www2.comunitaria.com.br\/en\/wp-json\/wp\/v2\/posts\/10117\/revisions"}],"wp:featuredmedia":[{"embeddable":true,"href":"https:\/\/www2.comunitaria.com.br\/en\/wp-json\/wp\/v2\/media\/10118"}],"wp:attachment":[{"href":"https:\/\/www2.comunitaria.com.br\/en\/wp-json\/wp\/v2\/media?parent=10117"}],"wp:term":[{"taxonomy":"category","embeddable":true,"href":"https:\/\/www2.comunitaria.com.br\/en\/wp-json\/wp\/v2\/categories?post=10117"},{"taxonomy":"post_tag","embeddable":true,"href":"https:\/\/www2.comunitaria.com.br\/en\/wp-json\/wp\/v2\/tags?post=10117"}],"curies":[{"name":"wp","href":"https:\/\/api.w.org\/{rel}","templated":true}]}}